{"id":3507,"date":"2019-11-18T12:18:17","date_gmt":"2019-11-18T11:18:17","guid":{"rendered":"https:\/\/www.tamarindos.net\/?p=3507"},"modified":"2019-11-18T12:20:14","modified_gmt":"2019-11-18T11:20:14","slug":"hiver-2019-vacances","status":"publish","type":"post","link":"https:\/\/www.tamarindos.net\/fr\/hiver-2019-vacances\/","title":{"rendered":"Hiver 2019 Festivit\u00e9s"},"content":{"rendered":"<h2>Les festivit\u00e9s d&rsquo;hiver arrivent \u00e0 Pe\u00f1\u00edscola !<\/h2>\n<p>Le week-end des 22, 23 et 24 novembre, vous pourrez profiter de diverses activit\u00e9s dans la ville en mer.<\/p>\n<p>Vous ne pouvez pas manquer le fameux&rsquo;No pass&rsquo; le matin, le jour des paellas ou l&rsquo;orchestre le samedi soir.<\/p>\n<p><img decoding=\"async\" class=\"aligncenter size-full wp-image-3486\" src=\"https:\/\/www.tamarindos.net\/wp-content\/uploads\/2019\/11\/imagen10197g-1.jpg\" alt=\"Fiestas\" width=\"336\" height=\"472\" srcset=\"https:\/\/www.tamarindos.net\/wp-content\/uploads\/2019\/11\/imagen10197g-1.jpg 336w, https:\/\/www.tamarindos.net\/wp-content\/uploads\/2019\/11\/imagen10197g-1-214x300.jpg 214w\" sizes=\"(max-width: 336px) 100vw, 336px\" \/><\/p>\n<h3>PROGRAMMATION<\/h3>\n<p><em>Vendredi 22<\/em><\/p>\n<p>21.00h : D\u00e9but des festivit\u00e9s d&rsquo;hiver. Allumage de p\u00e9tards<\/p>\n<p>Ensuite, D\u00eener populaire : Tombet de Toro. Jusqu&rsquo;\u00e0 \u00e9puisement des stocks. Prix 2\u20ac : Association du cancer de Pe\u00f1\u00edscola.<\/p>\n<p>00.30h : Spectacle de l&rsquo;orchestre Mundo.<\/p>\n<p>02.30h : PAS DE PASSAGE<\/p>\n<p>Ensuite, l&rsquo;Orchestre du Monde continue sa performance<\/p>\n<p>A la fin, Disco-mobile Costa Azahar<\/p>\n<p><em>Samedi 23<\/em><\/p>\n<p>12.30h : Journ\u00e9e Paella<\/p>\n<p>12.30h \u00e0 13.30h : Bi\u00e8re gratuite pour tous les participants.<\/p>\n<p>18.00h \u00e0 19.30h : Apr\u00e8s-midi avec Los Chichos<\/p>\n<p>00.30h : Spectacle de l&rsquo;orchestre La Red<\/p>\n<p>02.30h : PAS DE PASSAGE<\/p>\n<p>Encierro de g\u00e9nisses de l&rsquo;\u00e9levage Bous La Ribera. Animation du Xaranga All i Pebre de Pe\u00f1\u00edscola.<\/p>\n<p>Ensuite, l&rsquo;orchestre La Red poursuit sa prestation<\/p>\n<p>Une fois termin\u00e9, Disco-mobile Costa Azahar<\/p>\n<p><em>Dimanche 24<\/em><\/p>\n<p>12.30h : Pr\u00e9sentation des \u00e9quipes du Basketball Club Pe\u00f1\u00edscola<\/p>\n<p>11.00h \u00e0 14.00h : Aire de jeux<\/p>\n<p>Les plus jeunes de la maison, gar\u00e7ons et filles jusqu&rsquo;\u00e0 l&rsquo;\u00e2ge de douze ans, pourront profiter des structures gonflables. Activit\u00e9 gratuite.<\/p>\n<p>14.00h : Fideu\u00e1 populaire. Jusqu&rsquo;\u00e0 \u00e9puisement des stocks. Prix 2\u20ac : Association du cancer de Pe\u00f1\u00edscola.<\/p>\n<p>17.00h : Animation de la course infantile des taureaux, Bou per la Vila<\/p>\n<p>Ensuite, Chocolat de fin de festivit\u00e9s<\/p>\n<div class=\"embed-responsive-16by9 embed-responsive\"><iframe title=\"Pe\u00f1\u00edscola, es fiesta.\" width=\"500\" height=\"375\" src=\"https:\/\/www.youtube.com\/embed\/soPGKmo8xD0?feature=oembed\" frameborder=\"0\" allow=\"accelerometer; autoplay; clipboard-write; encrypted-media; gyroscope; picture-in-picture; web-share\" referrerpolicy=\"strict-origin-when-cross-origin\" allowfullscreen><\/iframe><\/div>\n<p>S\u00e9journez \u00e0 Tamarindos Apartments et vivez les festivit\u00e9s d&rsquo;hiver !<\/p>\n<p>R\u00e9servez <a href=\"https:\/\/www.tamarindos.net\/fr\/\">ici<\/a> !<\/p>\n<p>&nbsp;<\/p>\n","protected":false},"excerpt":{"rendered":"<p>Les festivit\u00e9s d&rsquo;hiver arrivent \u00e0 Pe\u00f1\u00edscola ! Le week-end des 22, 23 et 24 novembre, vous pourrez profiter de diverses activit\u00e9s dans la ville en mer. Vous ne pouvez pas manquer le fameux&rsquo;No pass&rsquo; le matin, le jour des paellas ou l&rsquo;orchestre le samedi soir. PROGRAMMATION Vendredi 22 21.00h : D\u00e9but des festivit\u00e9s d&rsquo;hiver. Allumage [&hellip;]<\/p>\n","protected":false},"author":3,"featured_media":3501,"comment_status":"open","ping_status":"open","sticky":false,"template":"","format":"standard","meta":{"_acf_changed":false,"inline_featured_image":false,"_joinchat":[],"footnotes":""},"categories":[93],"tags":[],"class_list":["post-3507","post","type-post","status-publish","format-standard","has-post-thumbnail","hentry","category-peniscola-3"],"acf":[],"yoast_head":"<!-- This site is optimized with the Yoast SEO plugin v27.2 - https:\/\/yoast.com\/product\/yoast-seo-wordpress\/ -->\n<title>Hiver 2019 Festivit\u00e9s - Tamarindos<\/title>\n<meta name=\"description\" content=\"Les festivit\u00e9s d&#039;hiver arrivent \u00e0 Pe\u00f1\u00edscola !Le week-end des 22, 23 et 24 novembre, vous pourrez profiter de diverses activit\u00e9s dans la ville en mer.\" \/>\n<meta name=\"robots\" content=\"index, follow, max-snippet:-1, max-image-preview:large, max-video-preview:-1\" \/>\n<link rel=\"canonical\" href=\"https:\/\/www.tamarindos.net\/fr\/hiver-2019-vacances\/\" \/>\n<meta property=\"og:locale\" content=\"fr_FR\" \/>\n<meta property=\"og:type\" content=\"article\" \/>\n<meta property=\"og:title\" content=\"Hiver 2019 Festivit\u00e9s - Tamarindos\" \/>\n<meta property=\"og:description\" content=\"Les festivit\u00e9s d&#039;hiver arrivent \u00e0 Pe\u00f1\u00edscola !Le week-end des 22, 23 et 24 novembre, vous pourrez profiter de diverses activit\u00e9s dans la ville en mer.\" \/>\n<meta property=\"og:url\" content=\"https:\/\/www.tamarindos.net\/fr\/hiver-2019-vacances\/\" \/>\n<meta property=\"og:site_name\" content=\"Tamarindos\" \/>\n<meta property=\"article:publisher\" content=\"https:\/\/www.facebook.com\/tamarindos.net\/\" \/>\n<meta property=\"article:published_time\" content=\"2019-11-18T11:18:17+00:00\" \/>\n<meta property=\"article:modified_time\" content=\"2019-11-18T11:20:14+00:00\" \/>\n<meta property=\"og:image\" content=\"https:\/\/www.tamarindos.net\/wp-content\/uploads\/2019\/11\/peniscola-festes@2x-960x448-600x448.jpg\" \/>\n\t<meta property=\"og:image:width\" content=\"600\" \/>\n\t<meta property=\"og:image:height\" content=\"448\" \/>\n\t<meta property=\"og:image:type\" content=\"image\/jpeg\" \/>\n<meta name=\"author\" content=\"Albert Ayza\" \/>\n<meta name=\"twitter:card\" content=\"summary_large_image\" \/>\n<meta name=\"twitter:creator\" content=\"@tamarindospe\" \/>\n<meta name=\"twitter:site\" content=\"@tamarindospe\" \/>\n<meta name=\"twitter:label1\" content=\"\u00c9crit par\" \/>\n\t<meta name=\"twitter:data1\" content=\"Albert Ayza\" \/>\n\t<meta name=\"twitter:label2\" content=\"Dur\u00e9e de lecture estim\u00e9e\" \/>\n\t<meta name=\"twitter:data2\" content=\"1 minute\" \/>\n<script type=\"application\/ld+json\" class=\"yoast-schema-graph\">{\"@context\":\"https:\/\/schema.org\",\"@graph\":[{\"@type\":\"Article\",\"@id\":\"https:\/\/www.tamarindos.net\/fr\/hiver-2019-vacances\/#article\",\"isPartOf\":{\"@id\":\"https:\/\/www.tamarindos.net\/fr\/hiver-2019-vacances\/\"},\"author\":{\"name\":\"Albert Ayza\",\"@id\":\"https:\/\/www.tamarindos.net\/fr\/#\/schema\/person\/050e55e551162ae9e703ad72d167ec45\"},\"headline\":\"Hiver 2019 Festivit\u00e9s\",\"datePublished\":\"2019-11-18T11:18:17+00:00\",\"dateModified\":\"2019-11-18T11:20:14+00:00\",\"mainEntityOfPage\":{\"@id\":\"https:\/\/www.tamarindos.net\/fr\/hiver-2019-vacances\/\"},\"wordCount\":265,\"commentCount\":0,\"publisher\":{\"@id\":\"https:\/\/www.tamarindos.net\/fr\/#organization\"},\"image\":{\"@id\":\"https:\/\/www.tamarindos.net\/fr\/hiver-2019-vacances\/#primaryimage\"},\"thumbnailUrl\":\"https:\/\/www.tamarindos.net\/wp-content\/uploads\/2019\/11\/peniscola-festes@2x-960x448-600x448.jpg\",\"articleSection\":[\"Pe\u00f1\u00edscola\"],\"inLanguage\":\"fr-FR\",\"potentialAction\":[{\"@type\":\"CommentAction\",\"name\":\"Comment\",\"target\":[\"https:\/\/www.tamarindos.net\/fr\/hiver-2019-vacances\/#respond\"]}]},{\"@type\":\"WebPage\",\"@id\":\"https:\/\/www.tamarindos.net\/fr\/hiver-2019-vacances\/\",\"url\":\"https:\/\/www.tamarindos.net\/fr\/hiver-2019-vacances\/\",\"name\":\"Hiver 2019 Festivit\u00e9s - Tamarindos\",\"isPartOf\":{\"@id\":\"https:\/\/www.tamarindos.net\/fr\/#website\"},\"primaryImageOfPage\":{\"@id\":\"https:\/\/www.tamarindos.net\/fr\/hiver-2019-vacances\/#primaryimage\"},\"image\":{\"@id\":\"https:\/\/www.tamarindos.net\/fr\/hiver-2019-vacances\/#primaryimage\"},\"thumbnailUrl\":\"https:\/\/www.tamarindos.net\/wp-content\/uploads\/2019\/11\/peniscola-festes@2x-960x448-600x448.jpg\",\"datePublished\":\"2019-11-18T11:18:17+00:00\",\"dateModified\":\"2019-11-18T11:20:14+00:00\",\"description\":\"Les festivit\u00e9s d'hiver arrivent \u00e0 Pe\u00f1\u00edscola !Le week-end des 22, 23 et 24 novembre, vous pourrez profiter de diverses activit\u00e9s dans la ville en mer.\",\"breadcrumb\":{\"@id\":\"https:\/\/www.tamarindos.net\/fr\/hiver-2019-vacances\/#breadcrumb\"},\"inLanguage\":\"fr-FR\",\"potentialAction\":[{\"@type\":\"ReadAction\",\"target\":[\"https:\/\/www.tamarindos.net\/fr\/hiver-2019-vacances\/\"]}]},{\"@type\":\"ImageObject\",\"inLanguage\":\"fr-FR\",\"@id\":\"https:\/\/www.tamarindos.net\/fr\/hiver-2019-vacances\/#primaryimage\",\"url\":\"https:\/\/www.tamarindos.net\/wp-content\/uploads\/2019\/11\/peniscola-festes@2x-960x448-600x448.jpg\",\"contentUrl\":\"https:\/\/www.tamarindos.net\/wp-content\/uploads\/2019\/11\/peniscola-festes@2x-960x448-600x448.jpg\",\"width\":600,\"height\":448,\"caption\":\"Pe\u00f1\u00edscola\"},{\"@type\":\"BreadcrumbList\",\"@id\":\"https:\/\/www.tamarindos.net\/fr\/hiver-2019-vacances\/#breadcrumb\",\"itemListElement\":[{\"@type\":\"ListItem\",\"position\":1,\"name\":\"Inicio\",\"item\":\"https:\/\/www.tamarindos.net\/fr\/accueil\/\"},{\"@type\":\"ListItem\",\"position\":2,\"name\":\"Hiver 2019 Festivit\u00e9s\"}]},{\"@type\":\"WebSite\",\"@id\":\"https:\/\/www.tamarindos.net\/fr\/#website\",\"url\":\"https:\/\/www.tamarindos.net\/fr\/\",\"name\":\"Tamarindos\",\"description\":\"Apartamentos en Pe\u00f1\u00edscola\",\"publisher\":{\"@id\":\"https:\/\/www.tamarindos.net\/fr\/#organization\"},\"potentialAction\":[{\"@type\":\"SearchAction\",\"target\":{\"@type\":\"EntryPoint\",\"urlTemplate\":\"https:\/\/www.tamarindos.net\/fr\/?s={search_term_string}\"},\"query-input\":{\"@type\":\"PropertyValueSpecification\",\"valueRequired\":true,\"valueName\":\"search_term_string\"}}],\"inLanguage\":\"fr-FR\"},{\"@type\":\"Organization\",\"@id\":\"https:\/\/www.tamarindos.net\/fr\/#organization\",\"name\":\"TAMARINDOS PE\u00d1\u00cdSCOLA\",\"url\":\"https:\/\/www.tamarindos.net\/fr\/\",\"logo\":{\"@type\":\"ImageObject\",\"inLanguage\":\"fr-FR\",\"@id\":\"https:\/\/www.tamarindos.net\/fr\/#\/schema\/logo\/image\/\",\"url\":\"https:\/\/www.tamarindos.net\/wp-content\/uploads\/2019\/10\/A7B9714-compressor-e1571911709586.jpg\",\"contentUrl\":\"https:\/\/www.tamarindos.net\/wp-content\/uploads\/2019\/10\/A7B9714-compressor-e1571911709586.jpg\",\"width\":1024,\"height\":705,\"caption\":\"TAMARINDOS PE\u00d1\u00cdSCOLA\"},\"image\":{\"@id\":\"https:\/\/www.tamarindos.net\/fr\/#\/schema\/logo\/image\/\"},\"sameAs\":[\"https:\/\/www.facebook.com\/tamarindos.net\/\",\"https:\/\/x.com\/tamarindospe\",\"https:\/\/www.instagram.com\/apartamentos_tamarindos\/?hl=es\",\"https:\/\/www.youtube.com\/channel\/UCdzAK3I0CHxOUOFg4IIl76g\"]},{\"@type\":\"Person\",\"@id\":\"https:\/\/www.tamarindos.net\/fr\/#\/schema\/person\/050e55e551162ae9e703ad72d167ec45\",\"name\":\"Albert Ayza\",\"image\":{\"@type\":\"ImageObject\",\"inLanguage\":\"fr-FR\",\"@id\":\"https:\/\/secure.gravatar.com\/avatar\/085bd932202626174003b6213069b67b29a7fced2a25a54a49a28e3788f054aa?s=96&d=mm&r=g\",\"url\":\"https:\/\/secure.gravatar.com\/avatar\/085bd932202626174003b6213069b67b29a7fced2a25a54a49a28e3788f054aa?s=96&d=mm&r=g\",\"contentUrl\":\"https:\/\/secure.gravatar.com\/avatar\/085bd932202626174003b6213069b67b29a7fced2a25a54a49a28e3788f054aa?s=96&d=mm&r=g\",\"caption\":\"Albert Ayza\"},\"url\":\"https:\/\/www.tamarindos.net\/fr\/author\/albertayza\/\"}]}<\/script>\n<!-- \/ Yoast SEO plugin. -->","yoast_head_json":{"title":"Hiver 2019 Festivit\u00e9s - Tamarindos","description":"Les festivit\u00e9s d'hiver arrivent \u00e0 Pe\u00f1\u00edscola !Le week-end des 22, 23 et 24 novembre, vous pourrez profiter de diverses activit\u00e9s dans la ville en mer.","robots":{"index":"index","follow":"follow","max-snippet":"max-snippet:-1","max-image-preview":"max-image-preview:large","max-video-preview":"max-video-preview:-1"},"canonical":"https:\/\/www.tamarindos.net\/fr\/hiver-2019-vacances\/","og_locale":"fr_FR","og_type":"article","og_title":"Hiver 2019 Festivit\u00e9s - Tamarindos","og_description":"Les festivit\u00e9s d'hiver arrivent \u00e0 Pe\u00f1\u00edscola !Le week-end des 22, 23 et 24 novembre, vous pourrez profiter de diverses activit\u00e9s dans la ville en mer.","og_url":"https:\/\/www.tamarindos.net\/fr\/hiver-2019-vacances\/","og_site_name":"Tamarindos","article_publisher":"https:\/\/www.facebook.com\/tamarindos.net\/","article_published_time":"2019-11-18T11:18:17+00:00","article_modified_time":"2019-11-18T11:20:14+00:00","og_image":[{"width":600,"height":448,"url":"https:\/\/www.tamarindos.net\/wp-content\/uploads\/2019\/11\/peniscola-festes@2x-960x448-600x448.jpg","type":"image\/jpeg"}],"author":"Albert Ayza","twitter_card":"summary_large_image","twitter_creator":"@tamarindospe","twitter_site":"@tamarindospe","twitter_misc":{"\u00c9crit par":"Albert Ayza","Dur\u00e9e de lecture estim\u00e9e":"1 minute"},"schema":{"@context":"https:\/\/schema.org","@graph":[{"@type":"Article","@id":"https:\/\/www.tamarindos.net\/fr\/hiver-2019-vacances\/#article","isPartOf":{"@id":"https:\/\/www.tamarindos.net\/fr\/hiver-2019-vacances\/"},"author":{"name":"Albert Ayza","@id":"https:\/\/www.tamarindos.net\/fr\/#\/schema\/person\/050e55e551162ae9e703ad72d167ec45"},"headline":"Hiver 2019 Festivit\u00e9s","datePublished":"2019-11-18T11:18:17+00:00","dateModified":"2019-11-18T11:20:14+00:00","mainEntityOfPage":{"@id":"https:\/\/www.tamarindos.net\/fr\/hiver-2019-vacances\/"},"wordCount":265,"commentCount":0,"publisher":{"@id":"https:\/\/www.tamarindos.net\/fr\/#organization"},"image":{"@id":"https:\/\/www.tamarindos.net\/fr\/hiver-2019-vacances\/#primaryimage"},"thumbnailUrl":"https:\/\/www.tamarindos.net\/wp-content\/uploads\/2019\/11\/peniscola-festes@2x-960x448-600x448.jpg","articleSection":["Pe\u00f1\u00edscola"],"inLanguage":"fr-FR","potentialAction":[{"@type":"CommentAction","name":"Comment","target":["https:\/\/www.tamarindos.net\/fr\/hiver-2019-vacances\/#respond"]}]},{"@type":"WebPage","@id":"https:\/\/www.tamarindos.net\/fr\/hiver-2019-vacances\/","url":"https:\/\/www.tamarindos.net\/fr\/hiver-2019-vacances\/","name":"Hiver 2019 Festivit\u00e9s - Tamarindos","isPartOf":{"@id":"https:\/\/www.tamarindos.net\/fr\/#website"},"primaryImageOfPage":{"@id":"https:\/\/www.tamarindos.net\/fr\/hiver-2019-vacances\/#primaryimage"},"image":{"@id":"https:\/\/www.tamarindos.net\/fr\/hiver-2019-vacances\/#primaryimage"},"thumbnailUrl":"https:\/\/www.tamarindos.net\/wp-content\/uploads\/2019\/11\/peniscola-festes@2x-960x448-600x448.jpg","datePublished":"2019-11-18T11:18:17+00:00","dateModified":"2019-11-18T11:20:14+00:00","description":"Les festivit\u00e9s d'hiver arrivent \u00e0 Pe\u00f1\u00edscola !Le week-end des 22, 23 et 24 novembre, vous pourrez profiter de diverses activit\u00e9s dans la ville en mer.","breadcrumb":{"@id":"https:\/\/www.tamarindos.net\/fr\/hiver-2019-vacances\/#breadcrumb"},"inLanguage":"fr-FR","potentialAction":[{"@type":"ReadAction","target":["https:\/\/www.tamarindos.net\/fr\/hiver-2019-vacances\/"]}]},{"@type":"ImageObject","inLanguage":"fr-FR","@id":"https:\/\/www.tamarindos.net\/fr\/hiver-2019-vacances\/#primaryimage","url":"https:\/\/www.tamarindos.net\/wp-content\/uploads\/2019\/11\/peniscola-festes@2x-960x448-600x448.jpg","contentUrl":"https:\/\/www.tamarindos.net\/wp-content\/uploads\/2019\/11\/peniscola-festes@2x-960x448-600x448.jpg","width":600,"height":448,"caption":"Pe\u00f1\u00edscola"},{"@type":"BreadcrumbList","@id":"https:\/\/www.tamarindos.net\/fr\/hiver-2019-vacances\/#breadcrumb","itemListElement":[{"@type":"ListItem","position":1,"name":"Inicio","item":"https:\/\/www.tamarindos.net\/fr\/accueil\/"},{"@type":"ListItem","position":2,"name":"Hiver 2019 Festivit\u00e9s"}]},{"@type":"WebSite","@id":"https:\/\/www.tamarindos.net\/fr\/#website","url":"https:\/\/www.tamarindos.net\/fr\/","name":"Tamarindos","description":"Apartamentos en Pe\u00f1\u00edscola","publisher":{"@id":"https:\/\/www.tamarindos.net\/fr\/#organization"},"potentialAction":[{"@type":"SearchAction","target":{"@type":"EntryPoint","urlTemplate":"https:\/\/www.tamarindos.net\/fr\/?s={search_term_string}"},"query-input":{"@type":"PropertyValueSpecification","valueRequired":true,"valueName":"search_term_string"}}],"inLanguage":"fr-FR"},{"@type":"Organization","@id":"https:\/\/www.tamarindos.net\/fr\/#organization","name":"TAMARINDOS PE\u00d1\u00cdSCOLA","url":"https:\/\/www.tamarindos.net\/fr\/","logo":{"@type":"ImageObject","inLanguage":"fr-FR","@id":"https:\/\/www.tamarindos.net\/fr\/#\/schema\/logo\/image\/","url":"https:\/\/www.tamarindos.net\/wp-content\/uploads\/2019\/10\/A7B9714-compressor-e1571911709586.jpg","contentUrl":"https:\/\/www.tamarindos.net\/wp-content\/uploads\/2019\/10\/A7B9714-compressor-e1571911709586.jpg","width":1024,"height":705,"caption":"TAMARINDOS PE\u00d1\u00cdSCOLA"},"image":{"@id":"https:\/\/www.tamarindos.net\/fr\/#\/schema\/logo\/image\/"},"sameAs":["https:\/\/www.facebook.com\/tamarindos.net\/","https:\/\/x.com\/tamarindospe","https:\/\/www.instagram.com\/apartamentos_tamarindos\/?hl=es","https:\/\/www.youtube.com\/channel\/UCdzAK3I0CHxOUOFg4IIl76g"]},{"@type":"Person","@id":"https:\/\/www.tamarindos.net\/fr\/#\/schema\/person\/050e55e551162ae9e703ad72d167ec45","name":"Albert Ayza","image":{"@type":"ImageObject","inLanguage":"fr-FR","@id":"https:\/\/secure.gravatar.com\/avatar\/085bd932202626174003b6213069b67b29a7fced2a25a54a49a28e3788f054aa?s=96&d=mm&r=g","url":"https:\/\/secure.gravatar.com\/avatar\/085bd932202626174003b6213069b67b29a7fced2a25a54a49a28e3788f054aa?s=96&d=mm&r=g","contentUrl":"https:\/\/secure.gravatar.com\/avatar\/085bd932202626174003b6213069b67b29a7fced2a25a54a49a28e3788f054aa?s=96&d=mm&r=g","caption":"Albert Ayza"},"url":"https:\/\/www.tamarindos.net\/fr\/author\/albertayza\/"}]}},"_links":{"self":[{"href":"https:\/\/www.tamarindos.net\/fr\/wp-json\/wp\/v2\/posts\/3507","targetHints":{"allow":["GET"]}}],"collection":[{"href":"https:\/\/www.tamarindos.net\/fr\/wp-json\/wp\/v2\/posts"}],"about":[{"href":"https:\/\/www.tamarindos.net\/fr\/wp-json\/wp\/v2\/types\/post"}],"author":[{"embeddable":true,"href":"https:\/\/www.tamarindos.net\/fr\/wp-json\/wp\/v2\/users\/3"}],"replies":[{"embeddable":true,"href":"https:\/\/www.tamarindos.net\/fr\/wp-json\/wp\/v2\/comments?post=3507"}],"version-history":[{"count":3,"href":"https:\/\/www.tamarindos.net\/fr\/wp-json\/wp\/v2\/posts\/3507\/revisions"}],"predecessor-version":[{"id":3510,"href":"https:\/\/www.tamarindos.net\/fr\/wp-json\/wp\/v2\/posts\/3507\/revisions\/3510"}],"wp:featuredmedia":[{"embeddable":true,"href":"https:\/\/www.tamarindos.net\/fr\/wp-json\/wp\/v2\/media\/3501"}],"wp:attachment":[{"href":"https:\/\/www.tamarindos.net\/fr\/wp-json\/wp\/v2\/media?parent=3507"}],"wp:term":[{"taxonomy":"category","embeddable":true,"href":"https:\/\/www.tamarindos.net\/fr\/wp-json\/wp\/v2\/categories?post=3507"},{"taxonomy":"post_tag","embeddable":true,"href":"https:\/\/www.tamarindos.net\/fr\/wp-json\/wp\/v2\/tags?post=3507"}],"curies":[{"name":"wp","href":"https:\/\/api.w.org\/{rel}","templated":true}]}}