{"id":1987,"date":"2019-05-27T16:36:17","date_gmt":"2019-05-27T15:36:17","guid":{"rendered":"https:\/\/www.tamarindos.net\/?p=1987"},"modified":"2019-05-27T16:36:17","modified_gmt":"2019-05-27T15:36:17","slug":"gastronomie-de-mer-et-de-montagne","status":"publish","type":"post","link":"https:\/\/www.tamarindos.net\/fr\/gastronomie-de-mer-et-de-montagne\/","title":{"rendered":"Gastronomie de mer et de montagne"},"content":{"rendered":"<h1>II Journ\u00e9es gastronomiques de la mer et du verger<\/h1>\n<p>\u00cates-vous pr\u00eat pour une exp\u00e9rience exquise ?<\/p>\n<p>Les journ\u00e9es gastronomiques de la mer et du verger arrivent \u00e0 Pe\u00f1\u00edscola tout au long du mois de juin !<\/p>\n<p>Pe\u00f1\u00edscola, entour\u00e9e par la mer M\u00e9diterran\u00e9e et situ\u00e9e au milieu d&rsquo;une terre fertile, poss\u00e8de une grande diversit\u00e9 gastronomique qui la rend unique.<\/p>\n<p>La p\u00eache, caract\u00e9ristique de la ville, a contribu\u00e9 au cours des si\u00e8cles au d\u00e9veloppement des saveurs et des ar\u00f4mes caract\u00e9ristiques de la cuisine des fruits de mer.<\/p>\n<p>Le port est l&rsquo;un des endroits les plus importants pour Pe\u00f1\u00edscola et sa gastronomie situ\u00e9 au pied du ch\u00e2teau du Pape Luna et de la vieille ville.<\/p>\n<p>Pe\u00f1\u00edscola est l&rsquo;h\u00e9riti\u00e8re directe de la saine alimentation m\u00e9diterran\u00e9enne accompagn\u00e9e des fruits les plus exquis de la mer et de la terre.<\/p>\n<p>Diff\u00e9rents restaurants de Pe\u00f1\u00edscola, comme le Restaurant El \u00c1nfora, La Bodegueta, T\u00edo Pepe ou Vista al Mar, entre autres, nous enchanteront avec leurs menus allant de 25 \u00e0 35\u20ac.<\/p>\n<h3>LES SAVEURS LES PLUS REPR\u00c9SENTATIVES ET CARACT\u00c9RISTIQUES DE LA VILLE EN MER SERONT LES PROTAGONISTES DE CE MOIS DE JUIN.<\/h3>\n<p><img decoding=\"async\" class=\"alignnone size-full wp-image-1969\" src=\"https:\/\/www.tamarindos.net\/wp-content\/uploads\/2019\/05\/archivo3251-1-2.jpg\" alt=\"\" width=\"3406\" height=\"1252\" srcset=\"https:\/\/www.tamarindos.net\/wp-content\/uploads\/2019\/05\/archivo3251-1-2.jpg 3406w, https:\/\/www.tamarindos.net\/wp-content\/uploads\/2019\/05\/archivo3251-1-2-300x110.jpg 300w, https:\/\/www.tamarindos.net\/wp-content\/uploads\/2019\/05\/archivo3251-1-2-768x282.jpg 768w, https:\/\/www.tamarindos.net\/wp-content\/uploads\/2019\/05\/archivo3251-1-2-1024x376.jpg 1024w\" sizes=\"(max-width: 3406px) 100vw, 3406px\" \/><\/p>\n<p>Profitez du mois de juin pour visiter Pe\u00f1\u00edscola et profiter de la gastronomie !<\/p>\n<blockquote>\n<p style=\"text-align: left;\">R\u00e9servez votre appartement \u00e0 <a href=\"https:\/\/www.tamarindos.net\/fr\/\">Tamarindos Pe\u00f1\u00edscola<\/a> maintenant et reposez-vous dans le paradis des palmiers au bord de la mer !<\/p>\n<\/blockquote>\n<p>&nbsp;<\/p>\n<p>&nbsp;<\/p>\n","protected":false},"excerpt":{"rendered":"<p>II Journ\u00e9es gastronomiques de la mer et du verger \u00cates-vous pr\u00eat pour une exp\u00e9rience exquise ? Les journ\u00e9es gastronomiques de la mer et du verger arrivent \u00e0 Pe\u00f1\u00edscola tout au long du mois de juin ! Pe\u00f1\u00edscola, entour\u00e9e par la mer M\u00e9diterran\u00e9e et situ\u00e9e au milieu d&rsquo;une terre fertile, poss\u00e8de une grande diversit\u00e9 gastronomique qui [&hellip;]<\/p>\n","protected":false},"author":3,"featured_media":1977,"comment_status":"open","ping_status":"open","sticky":false,"template":"","format":"standard","meta":{"_acf_changed":false,"inline_featured_image":false,"_joinchat":[],"footnotes":""},"categories":[92,93],"tags":[94,95,96],"class_list":["post-1987","post","type-post","status-publish","format-standard","has-post-thumbnail","hentry","category-gastronomie-2","category-peniscola-3","tag-gastronomie-fr","tag-peniscola-fr","tag-tamarindos-fr"],"acf":[],"yoast_head":"<!-- This site is optimized with the Yoast SEO plugin v27.2 - https:\/\/yoast.com\/product\/yoast-seo-wordpress\/ -->\n<title>Gastronomie de mer et de montagne - Tamarindos<\/title>\n<meta name=\"robots\" content=\"index, follow, max-snippet:-1, max-image-preview:large, max-video-preview:-1\" \/>\n<link rel=\"canonical\" href=\"https:\/\/www.tamarindos.net\/fr\/gastronomie-de-mer-et-de-montagne\/\" \/>\n<meta property=\"og:locale\" content=\"fr_FR\" \/>\n<meta property=\"og:type\" content=\"article\" \/>\n<meta property=\"og:title\" content=\"Gastronomie de mer et de montagne - Tamarindos\" \/>\n<meta property=\"og:description\" content=\"II Journ\u00e9es gastronomiques de la mer et du verger \u00cates-vous pr\u00eat pour une exp\u00e9rience exquise ? Les journ\u00e9es gastronomiques de la mer et du verger arrivent \u00e0 Pe\u00f1\u00edscola tout au long du mois de juin ! Pe\u00f1\u00edscola, entour\u00e9e par la mer M\u00e9diterran\u00e9e et situ\u00e9e au milieu d&rsquo;une terre fertile, poss\u00e8de une grande diversit\u00e9 gastronomique qui [&hellip;]\" \/>\n<meta property=\"og:url\" content=\"https:\/\/www.tamarindos.net\/fr\/gastronomie-de-mer-et-de-montagne\/\" \/>\n<meta property=\"og:site_name\" content=\"Tamarindos\" \/>\n<meta property=\"article:publisher\" content=\"https:\/\/www.facebook.com\/tamarindos.net\/\" \/>\n<meta property=\"article:published_time\" content=\"2019-05-27T15:36:17+00:00\" \/>\n<meta property=\"og:image\" content=\"https:\/\/www.tamarindos.net\/wp-content\/uploads\/2019\/05\/IMG_0374-1.jpg\" \/>\n\t<meta property=\"og:image:width\" content=\"4272\" \/>\n\t<meta property=\"og:image:height\" content=\"2288\" \/>\n\t<meta property=\"og:image:type\" content=\"image\/jpeg\" \/>\n<meta name=\"author\" content=\"Albert Ayza\" \/>\n<meta name=\"twitter:card\" content=\"summary_large_image\" \/>\n<meta name=\"twitter:creator\" content=\"@tamarindospe\" \/>\n<meta name=\"twitter:site\" content=\"@tamarindospe\" \/>\n<meta name=\"twitter:label1\" content=\"\u00c9crit par\" \/>\n\t<meta name=\"twitter:data1\" content=\"Albert Ayza\" \/>\n\t<meta name=\"twitter:label2\" content=\"Dur\u00e9e de lecture estim\u00e9e\" \/>\n\t<meta name=\"twitter:data2\" content=\"1 minute\" \/>\n<script type=\"application\/ld+json\" class=\"yoast-schema-graph\">{\"@context\":\"https:\/\/schema.org\",\"@graph\":[{\"@type\":\"Article\",\"@id\":\"https:\/\/www.tamarindos.net\/fr\/gastronomie-de-mer-et-de-montagne\/#article\",\"isPartOf\":{\"@id\":\"https:\/\/www.tamarindos.net\/fr\/gastronomie-de-mer-et-de-montagne\/\"},\"author\":{\"name\":\"Albert Ayza\",\"@id\":\"https:\/\/www.tamarindos.net\/fr\/#\/schema\/person\/050e55e551162ae9e703ad72d167ec45\"},\"headline\":\"Gastronomie de mer et de montagne\",\"datePublished\":\"2019-05-27T15:36:17+00:00\",\"mainEntityOfPage\":{\"@id\":\"https:\/\/www.tamarindos.net\/fr\/gastronomie-de-mer-et-de-montagne\/\"},\"wordCount\":252,\"commentCount\":0,\"publisher\":{\"@id\":\"https:\/\/www.tamarindos.net\/fr\/#organization\"},\"image\":{\"@id\":\"https:\/\/www.tamarindos.net\/fr\/gastronomie-de-mer-et-de-montagne\/#primaryimage\"},\"thumbnailUrl\":\"https:\/\/www.tamarindos.net\/wp-content\/uploads\/2019\/05\/IMG_0374-1.jpg\",\"keywords\":[\"Gastronomie\",\"Pe\u00f1\u00edscola\",\"tamarindos\"],\"articleSection\":[\"Gastronomie\",\"Pe\u00f1\u00edscola\"],\"inLanguage\":\"fr-FR\",\"potentialAction\":[{\"@type\":\"CommentAction\",\"name\":\"Comment\",\"target\":[\"https:\/\/www.tamarindos.net\/fr\/gastronomie-de-mer-et-de-montagne\/#respond\"]}]},{\"@type\":\"WebPage\",\"@id\":\"https:\/\/www.tamarindos.net\/fr\/gastronomie-de-mer-et-de-montagne\/\",\"url\":\"https:\/\/www.tamarindos.net\/fr\/gastronomie-de-mer-et-de-montagne\/\",\"name\":\"Gastronomie de mer et de montagne - Tamarindos\",\"isPartOf\":{\"@id\":\"https:\/\/www.tamarindos.net\/fr\/#website\"},\"primaryImageOfPage\":{\"@id\":\"https:\/\/www.tamarindos.net\/fr\/gastronomie-de-mer-et-de-montagne\/#primaryimage\"},\"image\":{\"@id\":\"https:\/\/www.tamarindos.net\/fr\/gastronomie-de-mer-et-de-montagne\/#primaryimage\"},\"thumbnailUrl\":\"https:\/\/www.tamarindos.net\/wp-content\/uploads\/2019\/05\/IMG_0374-1.jpg\",\"datePublished\":\"2019-05-27T15:36:17+00:00\",\"breadcrumb\":{\"@id\":\"https:\/\/www.tamarindos.net\/fr\/gastronomie-de-mer-et-de-montagne\/#breadcrumb\"},\"inLanguage\":\"fr-FR\",\"potentialAction\":[{\"@type\":\"ReadAction\",\"target\":[\"https:\/\/www.tamarindos.net\/fr\/gastronomie-de-mer-et-de-montagne\/\"]}]},{\"@type\":\"ImageObject\",\"inLanguage\":\"fr-FR\",\"@id\":\"https:\/\/www.tamarindos.net\/fr\/gastronomie-de-mer-et-de-montagne\/#primaryimage\",\"url\":\"https:\/\/www.tamarindos.net\/wp-content\/uploads\/2019\/05\/IMG_0374-1.jpg\",\"contentUrl\":\"https:\/\/www.tamarindos.net\/wp-content\/uploads\/2019\/05\/IMG_0374-1.jpg\",\"width\":4272,\"height\":2288,\"caption\":\"mar\"},{\"@type\":\"BreadcrumbList\",\"@id\":\"https:\/\/www.tamarindos.net\/fr\/gastronomie-de-mer-et-de-montagne\/#breadcrumb\",\"itemListElement\":[{\"@type\":\"ListItem\",\"position\":1,\"name\":\"Inicio\",\"item\":\"https:\/\/www.tamarindos.net\/fr\/accueil\/\"},{\"@type\":\"ListItem\",\"position\":2,\"name\":\"Gastronomie de mer et de montagne\"}]},{\"@type\":\"WebSite\",\"@id\":\"https:\/\/www.tamarindos.net\/fr\/#website\",\"url\":\"https:\/\/www.tamarindos.net\/fr\/\",\"name\":\"Tamarindos\",\"description\":\"Apartamentos en Pe\u00f1\u00edscola\",\"publisher\":{\"@id\":\"https:\/\/www.tamarindos.net\/fr\/#organization\"},\"potentialAction\":[{\"@type\":\"SearchAction\",\"target\":{\"@type\":\"EntryPoint\",\"urlTemplate\":\"https:\/\/www.tamarindos.net\/fr\/?s={search_term_string}\"},\"query-input\":{\"@type\":\"PropertyValueSpecification\",\"valueRequired\":true,\"valueName\":\"search_term_string\"}}],\"inLanguage\":\"fr-FR\"},{\"@type\":\"Organization\",\"@id\":\"https:\/\/www.tamarindos.net\/fr\/#organization\",\"name\":\"TAMARINDOS PE\u00d1\u00cdSCOLA\",\"url\":\"https:\/\/www.tamarindos.net\/fr\/\",\"logo\":{\"@type\":\"ImageObject\",\"inLanguage\":\"fr-FR\",\"@id\":\"https:\/\/www.tamarindos.net\/fr\/#\/schema\/logo\/image\/\",\"url\":\"https:\/\/www.tamarindos.net\/wp-content\/uploads\/2019\/10\/A7B9714-compressor-e1571911709586.jpg\",\"contentUrl\":\"https:\/\/www.tamarindos.net\/wp-content\/uploads\/2019\/10\/A7B9714-compressor-e1571911709586.jpg\",\"width\":1024,\"height\":705,\"caption\":\"TAMARINDOS PE\u00d1\u00cdSCOLA\"},\"image\":{\"@id\":\"https:\/\/www.tamarindos.net\/fr\/#\/schema\/logo\/image\/\"},\"sameAs\":[\"https:\/\/www.facebook.com\/tamarindos.net\/\",\"https:\/\/x.com\/tamarindospe\",\"https:\/\/www.instagram.com\/apartamentos_tamarindos\/?hl=es\",\"https:\/\/www.youtube.com\/channel\/UCdzAK3I0CHxOUOFg4IIl76g\"]},{\"@type\":\"Person\",\"@id\":\"https:\/\/www.tamarindos.net\/fr\/#\/schema\/person\/050e55e551162ae9e703ad72d167ec45\",\"name\":\"Albert Ayza\",\"image\":{\"@type\":\"ImageObject\",\"inLanguage\":\"fr-FR\",\"@id\":\"https:\/\/secure.gravatar.com\/avatar\/085bd932202626174003b6213069b67b29a7fced2a25a54a49a28e3788f054aa?s=96&d=mm&r=g\",\"url\":\"https:\/\/secure.gravatar.com\/avatar\/085bd932202626174003b6213069b67b29a7fced2a25a54a49a28e3788f054aa?s=96&d=mm&r=g\",\"contentUrl\":\"https:\/\/secure.gravatar.com\/avatar\/085bd932202626174003b6213069b67b29a7fced2a25a54a49a28e3788f054aa?s=96&d=mm&r=g\",\"caption\":\"Albert Ayza\"},\"url\":\"https:\/\/www.tamarindos.net\/fr\/author\/albertayza\/\"}]}<\/script>\n<!-- \/ Yoast SEO plugin. -->","yoast_head_json":{"title":"Gastronomie de mer et de montagne - Tamarindos","robots":{"index":"index","follow":"follow","max-snippet":"max-snippet:-1","max-image-preview":"max-image-preview:large","max-video-preview":"max-video-preview:-1"},"canonical":"https:\/\/www.tamarindos.net\/fr\/gastronomie-de-mer-et-de-montagne\/","og_locale":"fr_FR","og_type":"article","og_title":"Gastronomie de mer et de montagne - Tamarindos","og_description":"II Journ\u00e9es gastronomiques de la mer et du verger \u00cates-vous pr\u00eat pour une exp\u00e9rience exquise ? Les journ\u00e9es gastronomiques de la mer et du verger arrivent \u00e0 Pe\u00f1\u00edscola tout au long du mois de juin ! Pe\u00f1\u00edscola, entour\u00e9e par la mer M\u00e9diterran\u00e9e et situ\u00e9e au milieu d&rsquo;une terre fertile, poss\u00e8de une grande diversit\u00e9 gastronomique qui [&hellip;]","og_url":"https:\/\/www.tamarindos.net\/fr\/gastronomie-de-mer-et-de-montagne\/","og_site_name":"Tamarindos","article_publisher":"https:\/\/www.facebook.com\/tamarindos.net\/","article_published_time":"2019-05-27T15:36:17+00:00","og_image":[{"width":4272,"height":2288,"url":"https:\/\/www.tamarindos.net\/wp-content\/uploads\/2019\/05\/IMG_0374-1.jpg","type":"image\/jpeg"}],"author":"Albert Ayza","twitter_card":"summary_large_image","twitter_creator":"@tamarindospe","twitter_site":"@tamarindospe","twitter_misc":{"\u00c9crit par":"Albert Ayza","Dur\u00e9e de lecture estim\u00e9e":"1 minute"},"schema":{"@context":"https:\/\/schema.org","@graph":[{"@type":"Article","@id":"https:\/\/www.tamarindos.net\/fr\/gastronomie-de-mer-et-de-montagne\/#article","isPartOf":{"@id":"https:\/\/www.tamarindos.net\/fr\/gastronomie-de-mer-et-de-montagne\/"},"author":{"name":"Albert Ayza","@id":"https:\/\/www.tamarindos.net\/fr\/#\/schema\/person\/050e55e551162ae9e703ad72d167ec45"},"headline":"Gastronomie de mer et de montagne","datePublished":"2019-05-27T15:36:17+00:00","mainEntityOfPage":{"@id":"https:\/\/www.tamarindos.net\/fr\/gastronomie-de-mer-et-de-montagne\/"},"wordCount":252,"commentCount":0,"publisher":{"@id":"https:\/\/www.tamarindos.net\/fr\/#organization"},"image":{"@id":"https:\/\/www.tamarindos.net\/fr\/gastronomie-de-mer-et-de-montagne\/#primaryimage"},"thumbnailUrl":"https:\/\/www.tamarindos.net\/wp-content\/uploads\/2019\/05\/IMG_0374-1.jpg","keywords":["Gastronomie","Pe\u00f1\u00edscola","tamarindos"],"articleSection":["Gastronomie","Pe\u00f1\u00edscola"],"inLanguage":"fr-FR","potentialAction":[{"@type":"CommentAction","name":"Comment","target":["https:\/\/www.tamarindos.net\/fr\/gastronomie-de-mer-et-de-montagne\/#respond"]}]},{"@type":"WebPage","@id":"https:\/\/www.tamarindos.net\/fr\/gastronomie-de-mer-et-de-montagne\/","url":"https:\/\/www.tamarindos.net\/fr\/gastronomie-de-mer-et-de-montagne\/","name":"Gastronomie de mer et de montagne - Tamarindos","isPartOf":{"@id":"https:\/\/www.tamarindos.net\/fr\/#website"},"primaryImageOfPage":{"@id":"https:\/\/www.tamarindos.net\/fr\/gastronomie-de-mer-et-de-montagne\/#primaryimage"},"image":{"@id":"https:\/\/www.tamarindos.net\/fr\/gastronomie-de-mer-et-de-montagne\/#primaryimage"},"thumbnailUrl":"https:\/\/www.tamarindos.net\/wp-content\/uploads\/2019\/05\/IMG_0374-1.jpg","datePublished":"2019-05-27T15:36:17+00:00","breadcrumb":{"@id":"https:\/\/www.tamarindos.net\/fr\/gastronomie-de-mer-et-de-montagne\/#breadcrumb"},"inLanguage":"fr-FR","potentialAction":[{"@type":"ReadAction","target":["https:\/\/www.tamarindos.net\/fr\/gastronomie-de-mer-et-de-montagne\/"]}]},{"@type":"ImageObject","inLanguage":"fr-FR","@id":"https:\/\/www.tamarindos.net\/fr\/gastronomie-de-mer-et-de-montagne\/#primaryimage","url":"https:\/\/www.tamarindos.net\/wp-content\/uploads\/2019\/05\/IMG_0374-1.jpg","contentUrl":"https:\/\/www.tamarindos.net\/wp-content\/uploads\/2019\/05\/IMG_0374-1.jpg","width":4272,"height":2288,"caption":"mar"},{"@type":"BreadcrumbList","@id":"https:\/\/www.tamarindos.net\/fr\/gastronomie-de-mer-et-de-montagne\/#breadcrumb","itemListElement":[{"@type":"ListItem","position":1,"name":"Inicio","item":"https:\/\/www.tamarindos.net\/fr\/accueil\/"},{"@type":"ListItem","position":2,"name":"Gastronomie de mer et de montagne"}]},{"@type":"WebSite","@id":"https:\/\/www.tamarindos.net\/fr\/#website","url":"https:\/\/www.tamarindos.net\/fr\/","name":"Tamarindos","description":"Apartamentos en Pe\u00f1\u00edscola","publisher":{"@id":"https:\/\/www.tamarindos.net\/fr\/#organization"},"potentialAction":[{"@type":"SearchAction","target":{"@type":"EntryPoint","urlTemplate":"https:\/\/www.tamarindos.net\/fr\/?s={search_term_string}"},"query-input":{"@type":"PropertyValueSpecification","valueRequired":true,"valueName":"search_term_string"}}],"inLanguage":"fr-FR"},{"@type":"Organization","@id":"https:\/\/www.tamarindos.net\/fr\/#organization","name":"TAMARINDOS PE\u00d1\u00cdSCOLA","url":"https:\/\/www.tamarindos.net\/fr\/","logo":{"@type":"ImageObject","inLanguage":"fr-FR","@id":"https:\/\/www.tamarindos.net\/fr\/#\/schema\/logo\/image\/","url":"https:\/\/www.tamarindos.net\/wp-content\/uploads\/2019\/10\/A7B9714-compressor-e1571911709586.jpg","contentUrl":"https:\/\/www.tamarindos.net\/wp-content\/uploads\/2019\/10\/A7B9714-compressor-e1571911709586.jpg","width":1024,"height":705,"caption":"TAMARINDOS PE\u00d1\u00cdSCOLA"},"image":{"@id":"https:\/\/www.tamarindos.net\/fr\/#\/schema\/logo\/image\/"},"sameAs":["https:\/\/www.facebook.com\/tamarindos.net\/","https:\/\/x.com\/tamarindospe","https:\/\/www.instagram.com\/apartamentos_tamarindos\/?hl=es","https:\/\/www.youtube.com\/channel\/UCdzAK3I0CHxOUOFg4IIl76g"]},{"@type":"Person","@id":"https:\/\/www.tamarindos.net\/fr\/#\/schema\/person\/050e55e551162ae9e703ad72d167ec45","name":"Albert Ayza","image":{"@type":"ImageObject","inLanguage":"fr-FR","@id":"https:\/\/secure.gravatar.com\/avatar\/085bd932202626174003b6213069b67b29a7fced2a25a54a49a28e3788f054aa?s=96&d=mm&r=g","url":"https:\/\/secure.gravatar.com\/avatar\/085bd932202626174003b6213069b67b29a7fced2a25a54a49a28e3788f054aa?s=96&d=mm&r=g","contentUrl":"https:\/\/secure.gravatar.com\/avatar\/085bd932202626174003b6213069b67b29a7fced2a25a54a49a28e3788f054aa?s=96&d=mm&r=g","caption":"Albert Ayza"},"url":"https:\/\/www.tamarindos.net\/fr\/author\/albertayza\/"}]}},"_links":{"self":[{"href":"https:\/\/www.tamarindos.net\/fr\/wp-json\/wp\/v2\/posts\/1987","targetHints":{"allow":["GET"]}}],"collection":[{"href":"https:\/\/www.tamarindos.net\/fr\/wp-json\/wp\/v2\/posts"}],"about":[{"href":"https:\/\/www.tamarindos.net\/fr\/wp-json\/wp\/v2\/types\/post"}],"author":[{"embeddable":true,"href":"https:\/\/www.tamarindos.net\/fr\/wp-json\/wp\/v2\/users\/3"}],"replies":[{"embeddable":true,"href":"https:\/\/www.tamarindos.net\/fr\/wp-json\/wp\/v2\/comments?post=1987"}],"version-history":[{"count":1,"href":"https:\/\/www.tamarindos.net\/fr\/wp-json\/wp\/v2\/posts\/1987\/revisions"}],"predecessor-version":[{"id":1988,"href":"https:\/\/www.tamarindos.net\/fr\/wp-json\/wp\/v2\/posts\/1987\/revisions\/1988"}],"wp:featuredmedia":[{"embeddable":true,"href":"https:\/\/www.tamarindos.net\/fr\/wp-json\/wp\/v2\/media\/1977"}],"wp:attachment":[{"href":"https:\/\/www.tamarindos.net\/fr\/wp-json\/wp\/v2\/media?parent=1987"}],"wp:term":[{"taxonomy":"category","embeddable":true,"href":"https:\/\/www.tamarindos.net\/fr\/wp-json\/wp\/v2\/categories?post=1987"},{"taxonomy":"post_tag","embeddable":true,"href":"https:\/\/www.tamarindos.net\/fr\/wp-json\/wp\/v2\/tags?post=1987"}],"curies":[{"name":"wp","href":"https:\/\/api.w.org\/{rel}","templated":true}]}}