{"id":4122,"date":"2020-01-28T12:29:03","date_gmt":"2020-01-28T11:29:03","guid":{"rendered":"https:\/\/www.tamarindos.net\/?p=4122"},"modified":"2020-01-28T12:29:03","modified_gmt":"2020-01-28T11:29:03","slug":"benicarlo-artischocke","status":"publish","type":"post","link":"https:\/\/www.tamarindos.net\/de\/benicarlo-artischocke\/","title":{"rendered":"Benicarl\u00f3-Artischocke"},"content":{"rendered":"<h2>Wir sind mitten in einer Benicarlo-Artischockenparty!<\/h2>\n<p>Wussten Sie, dass das Wort &#8222;Artischocke&#8220; aus dem Arabischen &#8222;a-kharsh\u00fbf&#8220; stammt, was &#8222;Dornenstab&#8220; bedeutet? Es ist ein f\u00fcr die Mittelmeerl\u00e4nder sehr charakteristisches Gem\u00fcse, dessen Ursprung in Regionen Nordafrikas liegt.<\/p>\n<p>Der Artischockenanbau ist der Protagonist in diesem Gebiet, vor allem aber in der Stadt Benicarl\u00f3 dank der gesch\u00fctzten Ursprungsbezeichnung (DOP). Tats\u00e4chlich k\u00f6nnen wir auf ihrem Wappen auf der rechten Seite die Zeichnung einer Distel sehen.<\/p>\n<p>Obwohl sie als Gem\u00fcse betrachtet wird, ist der am meisten verwendete Teil die Blume. Obwohl der St\u00e4ngel immer mehr kulinarische Verwendung findet und zum Kochen von Sautiertem, Gebratenem, Gebackenem, in P\u00fcrees, Br\u00fchen &#8230; Au\u00dferdem hat er gerinnende Eigenschaften, die ihn zu einer idealen Zutat f\u00fcr die Herstellung von Quark und K\u00e4se machen.<\/p>\n<p>Die Artischocke ist ein Gem\u00fcse mit vielen gesundheitsf\u00f6rdernden Eigenschaften, die das richtige Funktionieren der Leber, der Nieren und der Gallenblase erm\u00f6glichen, die Verdauung und die Ausscheidung von Giftstoffen \u00fcber den Urin f\u00f6rdern. Aufgrund seines Fasergehalts f\u00f6rdert es auch die Darmt\u00e4tigkeit und verhindert Verstopfung. Dar\u00fcber hinaus f\u00f6rdert sie die Reduktion von Harnstoff und Harns\u00e4ure im Blut, so dass sie ein Verb\u00fcndeter sein kann, der von Gichtpatienten in Betracht gezogen werden muss. Kurz gesagt, es ist eine ideale nat\u00fcrliche Ressource zur Vorbeugung und Behandlung verschiedener Stoffwechselerkrankungen, wie z.B. hoher Cholesterinspiegel oder Bluthochdruck.<\/p>\n<h3>Nehmen wir ein St\u00fcck Geschichte!<\/h3>\n<p>Offenbar war die Artischocke bereits bei den Griechen und R\u00f6mern bekannt, die ihr aphrodisierende Kr\u00e4fte verliehen.<\/p>\n<p>Ihr botanischer Name, Cynara, stammt der Legende nach von einem sch\u00f6nen M\u00e4dchen namens Cynara, das von Zeus verf\u00fchrt wurde, der sie sp\u00e4ter in eine Artischocke verwandelte.<\/p>\n<p>Es ist nicht sicher bekannt, aber es wird angenommen, dass der Anbau von Artischocken f\u00fcr den Inlandsverbrauch im 13. Jahrhundert von dem Botaniker Antonio Jos\u00e9 de Cavanilles begonnen wurde. Die Massenproduktion und Kommerzialisierung fand jedoch ab den 1940er Jahren mit dem Boom des Handels statt.<\/p>\n<p>Die gesch\u00fctzte Ursprungsbezeichnung &#8222;Alcachofa de Benicarl\u00f3&#8220; wurde am 18. September 1998 genehmigt. Die Benicarl\u00f3-Artischocke ist einzigartig und unterscheidet sich von den anderen durch ihre flache, kompakte Form und ihre charakteristische Gr\u00fcbchenbildung.<\/p>\n<p>Jedes Jahr im Januar feiert Benicarl\u00f3 das Artischockenfest. Dies sind gastronomische Tage, an denen die Restaurants von Benicarl\u00f3 und der Region Gerichte kochen, in denen die Artischocke die Hauptzutat ist. Vom 10. bis 26. Januar finden die &#8222;pinxo&#8220;-Tage statt, bei denen Bars und Restaurants um einen der beiden Preise konkurrieren: einen signierten &#8222;pinxo&#8220; oder einen traditionellen &#8222;pinxo&#8220;. Dieses Jahr sind die Gewinner:<\/p>\n<p>&#8222;Pinxo&#8220; des Autors:<\/p>\n<ul>\n<li>Mar Blava von Vericat<\/li>\n<li>Mein Herr<\/li>\n<li>Fischerheim<\/li>\n<li>Traditioneller Pinxo<\/li>\n<li>Die montaditos<\/li>\n<li>Pollastre d&#8217;Or<\/li>\n<li>Dolce Vita<\/li>\n<\/ul>\n<p>Jedes Jahr steigt das Niveau der Pinxos, einige sind traditioneller und andere innovativer, aber es lohnt sich, sie alle zu probieren, um die verschiedenen Kombinationen von Geschmacksrichtungen und Texturen, die mit der Benicarl\u00f3-Artischocke hergestellt werden k\u00f6nnen, zu entdecken und sich von ihnen \u00fcberraschen zu lassen. Au\u00dferdem haben alle Pinxos einen Schlusskurs von 2,5 Euro.<\/p>\n<p>Vom 26. Januar bis zum 1. M\u00e4rz werden die gastronomischen Tage gefeiert, an denen jedes Restaurant ein Men\u00fc rund um die Benicarl\u00f3-Artischocke anbietet. Die Men\u00fcs bestehen aus mehreren Vorspeisen, einem Hauptgericht und einem Dessert, und der Preis variiert zwischen 24 und 40 Euro, wobei das Getr\u00e4nk in einigen F\u00e4llen inbegriffen ist.<\/p>\n<p>Hier ist die Agenda der Aktivit\u00e4ten f\u00fcr diese Woche, die von gastronomischen Sybariten und Sportlern entworfen wurde:<\/p>\n<p>Vom 27. Januar bis zum 2. Februar findet in Benicarl\u00f3 das VIII. Padel-Carxofa-Turnier statt, das von Padel Indoor Benicarl\u00f3 organisiert wird.\u00a0Inschriften in padelindoorbenicarlo.com oder in 664 577 489.<\/p>\n<p>Am 27., 28. und 29. Januar, von 9 bis 13.30 Uhr, beginnt das &#8222;I F\u00f2rum Carxofa Innova Benicarl\u00f3&#8220;, bestehend aus mehreren gastronomischen Wettbewerben zu Artischocke, Gin Tonic und Cocktails, die auf die Artischocke mit der g.U. Benicarl\u00f3 angewandt werden. Die Wettbewerbe finden im Magatzem del Mar statt.<\/p>\n<p>Der Monat Februar beginnt mit dem V. Absoluten Artischocken-Schachturnier in Benicarl\u00f3, das vom Schachklub Benicarl\u00f3 organisiert wird und an seinem Sitz stattfindet: C\/ Cristo del mar, 106. Das Turnier beginnt am 1. Februar um 16 Uhr.<\/p>\n<p>Am 2. Februar sind die L\u00e4ufer an der Reihe, denn um 10 Uhr morgens haben sie einen Termin in der Avenida Catalu\u00f1a, wo die XXXI. Ausgabe des Benicarl\u00f3-Artischocken-Halbmarathons &#8211; Pe\u00f1\u00edscola beginnt. Eine 21 km lange Route, die in Benicarl\u00f3 beginnt, f\u00fchrt entlang der Promenade von Pe\u00f1\u00edscola bis zur Burg und kehrt dann nach Benicarl\u00f3 zur\u00fcck.<\/p>\n<p>Sie k\u00f6nnen sich bis zum 31. Januar hier anmelden!<\/p>\n<p>W\u00e4hrend der Tage gibt es mehrere St\u00e4nde mit Informationen \u00fcber die Artischocke und ihre gesch\u00fctzte Ursprungsbezeichnung sowie Kisten, die f\u00fcr den Verkauf an die \u00d6ffentlichkeit zur Verf\u00fcgung stehen.<\/p>\n<div class=\"embed-responsive-16by9 embed-responsive\"><iframe title=\"La Carxofa de Benicarl\u00f3 \u00e9s art\" width=\"500\" height=\"281\" src=\"https:\/\/www.youtube.com\/embed\/y3kymUexIX8?feature=oembed\" frameborder=\"0\" allow=\"accelerometer; autoplay; clipboard-write; encrypted-media; gyroscope; picture-in-picture; web-share\" referrerpolicy=\"strict-origin-when-cross-origin\" allowfullscreen><\/iframe><\/div>\n<p>Dieses Wochenende war voll von Aktivit\u00e4ten rund um die Artischocke, die wir mit Ihnen teilen m\u00f6chten:<\/p>\n<p>Samstag, den 25. Januar die Gastronomie, die Produkte der N\u00e4he, die Kunst und die traditionelle valencianische Kultur.<\/p>\n<p>Um 10 Uhr begann die 5. Messe f\u00fcr gastronomische und lokale Produkte bis 21 Uhr. Ab 11.30 Uhr wurde die Messe durch ein Konzert mit valencianischer Musik von Oscar Birtz und Vera Green belebt, das ebenfalls am Sonntag von 10 bis 14 Uhr stattfand. Die Messe hat mehr als 40 gastronomische und lokale Produzenten aller Art. Von lokalen Produzenten bis hin zu Produzenten, die sich dem Geschmack der Route von Castell\u00f3n und des Ebrodeltas verschrieben haben.<\/p>\n<p>Au\u00dferdem begann um 10 Uhr ein agrotouristisches Erlebnis, das aus einer F\u00fchrung durch den Garten von Benicarlanda bestand, bei der der Anbau von Artischocken, ihre Sorten, ihre Herkunft, ihre Geschichte und ihre Legenden erkl\u00e4rt wurden. Die Teilnehmer erfuhren auch \u00fcber seine gastronomischen Anwendungen, seine medizinischen Eigenschaften und seinen gesundheitlichen Nutzen. Am Ende des Rundgangs konnten sie k\u00f6stliche traditionelle Produkte kosten, die mit der Artischocke Benicarl\u00f3 g.U. hergestellt wurden.<\/p>\n<p>Die Tour war inbegriffen:<\/p>\n<p>Thematische gastronomische F\u00fchrung durch ein Feld in voller Produktion. Eine Erfahrung des Agro-Tourismus, bei der Sie f\u00fcr einen Vormittag als Bauer an der Ernte teilnehmen!<br \/>\nGef\u00fchrte Besichtigung der Einsiedelei von Sant Gregori.<br \/>\nAperitif mit traditionellen Produkten, die mit der Artischocke DOP Benicarl\u00f3 und lokalen Produkten hergestellt werden.<br \/>\nTasche zum Gedenken an das Erlebnis.<br \/>\nVon Ihnen selbst geerntete Artischocken.<br \/>\nVersicherung der zivilrechtlichen Verantwortung, um alles unter Kontrolle zu haben.<\/p>\n<p>Preise:<\/p>\n<p>7,00 euro\/pax Erwachsene<br \/>\n3,00\/Paar Minderj\u00e4hrige bis zu 12 Jahren<br \/>\nKostenlos f\u00fcr begleitete Kinder unter 7 Jahren<\/p>\n<p>Ausgangspunkt: Einsiedelei von Sant Gregori in Benicarl\u00f3<\/p>\n<p>Dauer der F\u00fchrung: 1,5-2 Stunden<\/p>\n<p>Weitere Informationen finden Sie hier.<\/p>\n<p>Besuch des iberischen Dorfes &#8222;Puig de la Nau&#8220; (10h). Eine Siedlung, die ihren Ursprung in den letzten Momenten der Bronzezeit hatte, obwohl praktisch alle architektonischen Strukturen, die w\u00e4hrend des Besuchs zu sehen sind, zur iberischen Kultur geh\u00f6ren, eine von denen, die in der Antike an den Ufern des Mittelmeers entstanden sind.<\/p>\n<p>Ein theatralischer Besuch, der in der Inszenierung des Alltagslebens der Bewohner des Ortes bestand, wo man mit dem Maler, dem Weber, den H\u00e4ndlern, den B\u00e4ckern und sogar den W\u00e4chtern oder den Priesterinnen, die im Dorf lebten, ins Gespr\u00e4ch kommen konnte. Der Besuch kostete als Spende 2 Euro (f\u00fcr Kinder unter 10 Jahren war der Besuch kostenlos), die auf die Bewahrung unseres Erbes zur\u00fcckgreifen werden. Abfahrten von Mucbe.<\/p>\n<p>Die Liebhaber der regionalen T\u00e4nze genossen von 10 bis 13 Uhr einen Workshop mit traditionellen valencianischen T\u00e4nzen.<\/p>\n<p>Ab 19 Uhr findet die traditionelle &#8222;Torrada popular de carxofes DOP Benicarl\u00f3&#8220; statt. Auf der Plaza Constituci\u00f3n, mitten im Zentrum von Benicarl\u00f3, wurden mehrere Grills aufgestellt, um mehr als 3.000 Kilo Artischocken zu einem beliebten Preis von 3 Euro pro Portion zu braten.<\/p>\n<p>Um 23.00 Uhr wurde der Volkstanz vom Agora-Orchester aufgef\u00fchrt.<\/p>\n<p>Dies waren die herausragendsten Aktivit\u00e4ten am Sonntag, dem 26. Januar:<\/p>\n<p>V. Gastronomische Produkte und Nachbarschaftsmesse von 10h bis 14h.<\/p>\n<p>Um 10.30 Uhr &#8222;Wir zeichnen das Benicarl\u00f3-Artischockenfestival&#8220;. Eine Konzentration von Stadtzeichnungen mit dem Stadtzeichner Maestrat.<\/p>\n<p>Um 11.30 Uhr wurde die 27. Benicarl\u00f3er Artischocken-Gastronomie-Demonstration von den Restaurants des Benicarl\u00f3er Gastst\u00e4ttenverbandes er\u00f6ffnet.<\/p>\n<p>Um 12 Uhr begann die gastronomische Verkostung, die von den Benicarl\u00f3-Gastronomen in Zusammenarbeit mit Cervezas San Miguel organisiert wurde.<\/p>\n<p>Um 17 Uhr schlie\u00dflich fand ein dramatisierter Besuch des historischen Zentrums auf &#8222;El vi de Carlon&#8220; statt. In Benicarl\u00f3 und einem Teil des Baix Maestrat erzeugter Wein, dessen Produktion im Mittelalter begann und der zum meistkonsumierten Wein Europas wurde. Historiker behaupten, dass Christoph Kolumbus es in seinen Schiffen nach Amerika transportiert hat, wo es sehr popul\u00e4r wurde. Dieser Wein gab den Ton f\u00fcr die wirtschaftliche und soziale Entwicklung von Benicarl\u00f3 im 18. und 19. Jahrhundert an. Eine Gruppe von Herstellern begann 2012 mit ihrem Wiederaufbauprojekt, und im Januar 2019 wurde die Renaixen\u00e7a 2018 in Flaschen abgef\u00fcllt. Der Besuch wurde von der Firma Global Arts organisiert, die in der Regel nur begrenzte Pl\u00e4tze mit vorheriger Anmeldung hat (Tel. 964 46 04 48). Sie begann vor dem Rathaus von Benicarl\u00f3 und kostete 2 Euro pro Person.<\/p>\n<p>Dar\u00fcber hinaus wurde an diesem Wochenende der Preis &#8222;Carxofa d&#8217;Or 2020&#8220; an Mikel L\u00f3pez Iturriaga, Gastronomie-Journalist und Sch\u00f6pfer der Website &#8222;El Comidista&#8220;, verliehen. Mikel gestand seine Vorliebe f\u00fcr das Gem\u00fcse aus Benicarlanda, das einzige in der Provinz mit einer gesch\u00fctzten Ursprungsbezeichnung.<\/p>\n<h4>Die Monate Januar und Februar sind ideal, um die Gastronomie und Kultur des Baix Maestrat zu genie\u00dfen!<\/h4>\n<p>Erleben Sie den Monat der Artischocke in <a href=\"https:\/\/www.tamarindos.net\/de\/\">Tamarindos Pe\u00f1\u00edscola<\/a>!<\/p>\n","protected":false},"excerpt":{"rendered":"<p>Wir sind mitten in einer Benicarlo-Artischockenparty! Wussten Sie, dass das Wort &#8222;Artischocke&#8220; aus dem Arabischen &#8222;a-kharsh\u00fbf&#8220; stammt, was &#8222;Dornenstab&#8220; bedeutet? Es ist ein f\u00fcr die Mittelmeerl\u00e4nder sehr charakteristisches Gem\u00fcse, dessen Ursprung in Regionen Nordafrikas liegt. Der Artischockenanbau ist der Protagonist in diesem Gebiet, vor allem aber in der Stadt Benicarl\u00f3 dank der gesch\u00fctzten Ursprungsbezeichnung (DOP). [&hellip;]<\/p>\n","protected":false},"author":3,"featured_media":4109,"comment_status":"open","ping_status":"open","sticky":false,"template":"","format":"standard","meta":{"_acf_changed":false,"inline_featured_image":false,"_joinchat":[],"footnotes":""},"categories":[141,90,73],"tags":[157,285,310,309,194,286,307,91,308,306,290,288,82,289,152,244],"class_list":["post-4122","post","type-post","status-publish","format-standard","has-post-thumbnail","hentry","category-appartements","category-gastronomie","category-umgebung","tag-aktivitaeten","tag-artischocke","tag-benicarlo-de","tag-besuche","tag-erfahrung","tag-essen-km-0","tag-februar","tag-gastronomie","tag-konferenzen","tag-kultur","tag-kulturtourismus","tag-lokale-produkte","tag-route","tag-tamarinden","tag-veranstaltungen","tag-wohnungen"],"acf":[],"yoast_head":"<!-- This site is optimized with the Yoast SEO plugin v27.2 - https:\/\/yoast.com\/product\/yoast-seo-wordpress\/ -->\n<title>Benicarl\u00f3-Artischocke - Tamarindos<\/title>\n<meta name=\"description\" content=\"Wir sind mitten im Benicarlo-Artischockenfest! Januar und Februar sind ideal, um die Gastronomie und Kultur des Baix Maestrat zu genie\u00dfen.\" \/>\n<meta name=\"robots\" content=\"index, follow, max-snippet:-1, max-image-preview:large, max-video-preview:-1\" \/>\n<link rel=\"canonical\" href=\"https:\/\/www.tamarindos.net\/de\/benicarlo-artischocke\/\" \/>\n<meta property=\"og:locale\" content=\"de_DE\" \/>\n<meta property=\"og:type\" content=\"article\" \/>\n<meta property=\"og:title\" content=\"Benicarl\u00f3-Artischocke - Tamarindos\" \/>\n<meta property=\"og:description\" content=\"Wir sind mitten im Benicarlo-Artischockenfest! Januar und Februar sind ideal, um die Gastronomie und Kultur des Baix Maestrat zu genie\u00dfen.\" \/>\n<meta property=\"og:url\" content=\"https:\/\/www.tamarindos.net\/de\/benicarlo-artischocke\/\" \/>\n<meta property=\"og:site_name\" content=\"Tamarindos\" \/>\n<meta property=\"article:publisher\" content=\"https:\/\/www.facebook.com\/tamarindos.net\/\" \/>\n<meta property=\"article:published_time\" content=\"2020-01-28T11:29:03+00:00\" \/>\n<meta property=\"og:image\" content=\"https:\/\/www.tamarindos.net\/wp-content\/uploads\/2020\/01\/Carxofa-de-Benicarl\u00f3-1.jpg\" \/>\n\t<meta property=\"og:image:width\" content=\"800\" \/>\n\t<meta property=\"og:image:height\" content=\"533\" \/>\n\t<meta property=\"og:image:type\" content=\"image\/jpeg\" \/>\n<meta name=\"author\" content=\"Albert Ayza\" \/>\n<meta name=\"twitter:card\" content=\"summary_large_image\" \/>\n<meta name=\"twitter:creator\" content=\"@tamarindospe\" \/>\n<meta name=\"twitter:site\" content=\"@tamarindospe\" \/>\n<meta name=\"twitter:label1\" content=\"Verfasst von\" \/>\n\t<meta name=\"twitter:data1\" content=\"Albert Ayza\" \/>\n\t<meta name=\"twitter:label2\" content=\"Gesch\u00e4tzte Lesezeit\" \/>\n\t<meta name=\"twitter:data2\" content=\"8\u00a0Minuten\" \/>\n<script type=\"application\/ld+json\" class=\"yoast-schema-graph\">{\"@context\":\"https:\/\/schema.org\",\"@graph\":[{\"@type\":\"Article\",\"@id\":\"https:\/\/www.tamarindos.net\/de\/benicarlo-artischocke\/#article\",\"isPartOf\":{\"@id\":\"https:\/\/www.tamarindos.net\/de\/benicarlo-artischocke\/\"},\"author\":{\"name\":\"Albert Ayza\",\"@id\":\"https:\/\/www.tamarindos.net\/de\/#\/schema\/person\/050e55e551162ae9e703ad72d167ec45\"},\"headline\":\"Benicarl\u00f3-Artischocke\",\"datePublished\":\"2020-01-28T11:29:03+00:00\",\"mainEntityOfPage\":{\"@id\":\"https:\/\/www.tamarindos.net\/de\/benicarlo-artischocke\/\"},\"wordCount\":1541,\"commentCount\":0,\"publisher\":{\"@id\":\"https:\/\/www.tamarindos.net\/de\/#organization\"},\"image\":{\"@id\":\"https:\/\/www.tamarindos.net\/de\/benicarlo-artischocke\/#primaryimage\"},\"thumbnailUrl\":\"https:\/\/www.tamarindos.net\/wp-content\/uploads\/2020\/01\/Carxofa-de-Benicarl\u00f3-1.jpg\",\"keywords\":[\"Aktivit\u00e4ten\",\"Artischocke\",\"Benicarl\u00f3\",\"Besuche\",\"Erfahrung\",\"Essen km 0\",\"Februar\",\"Gastronomie\",\"Konferenzen\",\"Kultur\",\"Kulturtourismus\",\"lokale Produkte\",\"Route\",\"Tamarinden\",\"Veranstaltungen\",\"Wohnungen\"],\"articleSection\":[\"Appartements\",\"Gastronomie\",\"Umgebung\"],\"inLanguage\":\"de\",\"potentialAction\":[{\"@type\":\"CommentAction\",\"name\":\"Comment\",\"target\":[\"https:\/\/www.tamarindos.net\/de\/benicarlo-artischocke\/#respond\"]}]},{\"@type\":\"WebPage\",\"@id\":\"https:\/\/www.tamarindos.net\/de\/benicarlo-artischocke\/\",\"url\":\"https:\/\/www.tamarindos.net\/de\/benicarlo-artischocke\/\",\"name\":\"Benicarl\u00f3-Artischocke - Tamarindos\",\"isPartOf\":{\"@id\":\"https:\/\/www.tamarindos.net\/de\/#website\"},\"primaryImageOfPage\":{\"@id\":\"https:\/\/www.tamarindos.net\/de\/benicarlo-artischocke\/#primaryimage\"},\"image\":{\"@id\":\"https:\/\/www.tamarindos.net\/de\/benicarlo-artischocke\/#primaryimage\"},\"thumbnailUrl\":\"https:\/\/www.tamarindos.net\/wp-content\/uploads\/2020\/01\/Carxofa-de-Benicarl\u00f3-1.jpg\",\"datePublished\":\"2020-01-28T11:29:03+00:00\",\"description\":\"Wir sind mitten im Benicarlo-Artischockenfest! Januar und Februar sind ideal, um die Gastronomie und Kultur des Baix Maestrat zu genie\u00dfen.\",\"breadcrumb\":{\"@id\":\"https:\/\/www.tamarindos.net\/de\/benicarlo-artischocke\/#breadcrumb\"},\"inLanguage\":\"de\",\"potentialAction\":[{\"@type\":\"ReadAction\",\"target\":[\"https:\/\/www.tamarindos.net\/de\/benicarlo-artischocke\/\"]}]},{\"@type\":\"ImageObject\",\"inLanguage\":\"de\",\"@id\":\"https:\/\/www.tamarindos.net\/de\/benicarlo-artischocke\/#primaryimage\",\"url\":\"https:\/\/www.tamarindos.net\/wp-content\/uploads\/2020\/01\/Carxofa-de-Benicarl\u00f3-1.jpg\",\"contentUrl\":\"https:\/\/www.tamarindos.net\/wp-content\/uploads\/2020\/01\/Carxofa-de-Benicarl\u00f3-1.jpg\",\"width\":800,\"height\":533,\"caption\":\"Alcachofa\"},{\"@type\":\"BreadcrumbList\",\"@id\":\"https:\/\/www.tamarindos.net\/de\/benicarlo-artischocke\/#breadcrumb\",\"itemListElement\":[{\"@type\":\"ListItem\",\"position\":1,\"name\":\"Inicio\",\"item\":\"https:\/\/www.tamarindos.net\/de\/homepage\/\"},{\"@type\":\"ListItem\",\"position\":2,\"name\":\"Benicarl\u00f3-Artischocke\"}]},{\"@type\":\"WebSite\",\"@id\":\"https:\/\/www.tamarindos.net\/de\/#website\",\"url\":\"https:\/\/www.tamarindos.net\/de\/\",\"name\":\"Tamarindos\",\"description\":\"Apartamentos en Pe\u00f1\u00edscola\",\"publisher\":{\"@id\":\"https:\/\/www.tamarindos.net\/de\/#organization\"},\"potentialAction\":[{\"@type\":\"SearchAction\",\"target\":{\"@type\":\"EntryPoint\",\"urlTemplate\":\"https:\/\/www.tamarindos.net\/de\/?s={search_term_string}\"},\"query-input\":{\"@type\":\"PropertyValueSpecification\",\"valueRequired\":true,\"valueName\":\"search_term_string\"}}],\"inLanguage\":\"de\"},{\"@type\":\"Organization\",\"@id\":\"https:\/\/www.tamarindos.net\/de\/#organization\",\"name\":\"TAMARINDOS PE\u00d1\u00cdSCOLA\",\"url\":\"https:\/\/www.tamarindos.net\/de\/\",\"logo\":{\"@type\":\"ImageObject\",\"inLanguage\":\"de\",\"@id\":\"https:\/\/www.tamarindos.net\/de\/#\/schema\/logo\/image\/\",\"url\":\"https:\/\/www.tamarindos.net\/wp-content\/uploads\/2019\/10\/A7B9714-compressor-e1571911709586.jpg\",\"contentUrl\":\"https:\/\/www.tamarindos.net\/wp-content\/uploads\/2019\/10\/A7B9714-compressor-e1571911709586.jpg\",\"width\":1024,\"height\":705,\"caption\":\"TAMARINDOS PE\u00d1\u00cdSCOLA\"},\"image\":{\"@id\":\"https:\/\/www.tamarindos.net\/de\/#\/schema\/logo\/image\/\"},\"sameAs\":[\"https:\/\/www.facebook.com\/tamarindos.net\/\",\"https:\/\/x.com\/tamarindospe\",\"https:\/\/www.instagram.com\/apartamentos_tamarindos\/?hl=es\",\"https:\/\/www.youtube.com\/channel\/UCdzAK3I0CHxOUOFg4IIl76g\"]},{\"@type\":\"Person\",\"@id\":\"https:\/\/www.tamarindos.net\/de\/#\/schema\/person\/050e55e551162ae9e703ad72d167ec45\",\"name\":\"Albert Ayza\",\"image\":{\"@type\":\"ImageObject\",\"inLanguage\":\"de\",\"@id\":\"https:\/\/secure.gravatar.com\/avatar\/085bd932202626174003b6213069b67b29a7fced2a25a54a49a28e3788f054aa?s=96&d=mm&r=g\",\"url\":\"https:\/\/secure.gravatar.com\/avatar\/085bd932202626174003b6213069b67b29a7fced2a25a54a49a28e3788f054aa?s=96&d=mm&r=g\",\"contentUrl\":\"https:\/\/secure.gravatar.com\/avatar\/085bd932202626174003b6213069b67b29a7fced2a25a54a49a28e3788f054aa?s=96&d=mm&r=g\",\"caption\":\"Albert Ayza\"},\"url\":\"https:\/\/www.tamarindos.net\/de\/author\/albertayza\/\"}]}<\/script>\n<!-- \/ Yoast SEO plugin. -->","yoast_head_json":{"title":"Benicarl\u00f3-Artischocke - Tamarindos","description":"Wir sind mitten im Benicarlo-Artischockenfest! Januar und Februar sind ideal, um die Gastronomie und Kultur des Baix Maestrat zu genie\u00dfen.","robots":{"index":"index","follow":"follow","max-snippet":"max-snippet:-1","max-image-preview":"max-image-preview:large","max-video-preview":"max-video-preview:-1"},"canonical":"https:\/\/www.tamarindos.net\/de\/benicarlo-artischocke\/","og_locale":"de_DE","og_type":"article","og_title":"Benicarl\u00f3-Artischocke - Tamarindos","og_description":"Wir sind mitten im Benicarlo-Artischockenfest! Januar und Februar sind ideal, um die Gastronomie und Kultur des Baix Maestrat zu genie\u00dfen.","og_url":"https:\/\/www.tamarindos.net\/de\/benicarlo-artischocke\/","og_site_name":"Tamarindos","article_publisher":"https:\/\/www.facebook.com\/tamarindos.net\/","article_published_time":"2020-01-28T11:29:03+00:00","og_image":[{"width":800,"height":533,"url":"https:\/\/www.tamarindos.net\/wp-content\/uploads\/2020\/01\/Carxofa-de-Benicarl\u00f3-1.jpg","type":"image\/jpeg"}],"author":"Albert Ayza","twitter_card":"summary_large_image","twitter_creator":"@tamarindospe","twitter_site":"@tamarindospe","twitter_misc":{"Verfasst von":"Albert Ayza","Gesch\u00e4tzte Lesezeit":"8\u00a0Minuten"},"schema":{"@context":"https:\/\/schema.org","@graph":[{"@type":"Article","@id":"https:\/\/www.tamarindos.net\/de\/benicarlo-artischocke\/#article","isPartOf":{"@id":"https:\/\/www.tamarindos.net\/de\/benicarlo-artischocke\/"},"author":{"name":"Albert Ayza","@id":"https:\/\/www.tamarindos.net\/de\/#\/schema\/person\/050e55e551162ae9e703ad72d167ec45"},"headline":"Benicarl\u00f3-Artischocke","datePublished":"2020-01-28T11:29:03+00:00","mainEntityOfPage":{"@id":"https:\/\/www.tamarindos.net\/de\/benicarlo-artischocke\/"},"wordCount":1541,"commentCount":0,"publisher":{"@id":"https:\/\/www.tamarindos.net\/de\/#organization"},"image":{"@id":"https:\/\/www.tamarindos.net\/de\/benicarlo-artischocke\/#primaryimage"},"thumbnailUrl":"https:\/\/www.tamarindos.net\/wp-content\/uploads\/2020\/01\/Carxofa-de-Benicarl\u00f3-1.jpg","keywords":["Aktivit\u00e4ten","Artischocke","Benicarl\u00f3","Besuche","Erfahrung","Essen km 0","Februar","Gastronomie","Konferenzen","Kultur","Kulturtourismus","lokale Produkte","Route","Tamarinden","Veranstaltungen","Wohnungen"],"articleSection":["Appartements","Gastronomie","Umgebung"],"inLanguage":"de","potentialAction":[{"@type":"CommentAction","name":"Comment","target":["https:\/\/www.tamarindos.net\/de\/benicarlo-artischocke\/#respond"]}]},{"@type":"WebPage","@id":"https:\/\/www.tamarindos.net\/de\/benicarlo-artischocke\/","url":"https:\/\/www.tamarindos.net\/de\/benicarlo-artischocke\/","name":"Benicarl\u00f3-Artischocke - Tamarindos","isPartOf":{"@id":"https:\/\/www.tamarindos.net\/de\/#website"},"primaryImageOfPage":{"@id":"https:\/\/www.tamarindos.net\/de\/benicarlo-artischocke\/#primaryimage"},"image":{"@id":"https:\/\/www.tamarindos.net\/de\/benicarlo-artischocke\/#primaryimage"},"thumbnailUrl":"https:\/\/www.tamarindos.net\/wp-content\/uploads\/2020\/01\/Carxofa-de-Benicarl\u00f3-1.jpg","datePublished":"2020-01-28T11:29:03+00:00","description":"Wir sind mitten im Benicarlo-Artischockenfest! Januar und Februar sind ideal, um die Gastronomie und Kultur des Baix Maestrat zu genie\u00dfen.","breadcrumb":{"@id":"https:\/\/www.tamarindos.net\/de\/benicarlo-artischocke\/#breadcrumb"},"inLanguage":"de","potentialAction":[{"@type":"ReadAction","target":["https:\/\/www.tamarindos.net\/de\/benicarlo-artischocke\/"]}]},{"@type":"ImageObject","inLanguage":"de","@id":"https:\/\/www.tamarindos.net\/de\/benicarlo-artischocke\/#primaryimage","url":"https:\/\/www.tamarindos.net\/wp-content\/uploads\/2020\/01\/Carxofa-de-Benicarl\u00f3-1.jpg","contentUrl":"https:\/\/www.tamarindos.net\/wp-content\/uploads\/2020\/01\/Carxofa-de-Benicarl\u00f3-1.jpg","width":800,"height":533,"caption":"Alcachofa"},{"@type":"BreadcrumbList","@id":"https:\/\/www.tamarindos.net\/de\/benicarlo-artischocke\/#breadcrumb","itemListElement":[{"@type":"ListItem","position":1,"name":"Inicio","item":"https:\/\/www.tamarindos.net\/de\/homepage\/"},{"@type":"ListItem","position":2,"name":"Benicarl\u00f3-Artischocke"}]},{"@type":"WebSite","@id":"https:\/\/www.tamarindos.net\/de\/#website","url":"https:\/\/www.tamarindos.net\/de\/","name":"Tamarindos","description":"Apartamentos en Pe\u00f1\u00edscola","publisher":{"@id":"https:\/\/www.tamarindos.net\/de\/#organization"},"potentialAction":[{"@type":"SearchAction","target":{"@type":"EntryPoint","urlTemplate":"https:\/\/www.tamarindos.net\/de\/?s={search_term_string}"},"query-input":{"@type":"PropertyValueSpecification","valueRequired":true,"valueName":"search_term_string"}}],"inLanguage":"de"},{"@type":"Organization","@id":"https:\/\/www.tamarindos.net\/de\/#organization","name":"TAMARINDOS PE\u00d1\u00cdSCOLA","url":"https:\/\/www.tamarindos.net\/de\/","logo":{"@type":"ImageObject","inLanguage":"de","@id":"https:\/\/www.tamarindos.net\/de\/#\/schema\/logo\/image\/","url":"https:\/\/www.tamarindos.net\/wp-content\/uploads\/2019\/10\/A7B9714-compressor-e1571911709586.jpg","contentUrl":"https:\/\/www.tamarindos.net\/wp-content\/uploads\/2019\/10\/A7B9714-compressor-e1571911709586.jpg","width":1024,"height":705,"caption":"TAMARINDOS PE\u00d1\u00cdSCOLA"},"image":{"@id":"https:\/\/www.tamarindos.net\/de\/#\/schema\/logo\/image\/"},"sameAs":["https:\/\/www.facebook.com\/tamarindos.net\/","https:\/\/x.com\/tamarindospe","https:\/\/www.instagram.com\/apartamentos_tamarindos\/?hl=es","https:\/\/www.youtube.com\/channel\/UCdzAK3I0CHxOUOFg4IIl76g"]},{"@type":"Person","@id":"https:\/\/www.tamarindos.net\/de\/#\/schema\/person\/050e55e551162ae9e703ad72d167ec45","name":"Albert Ayza","image":{"@type":"ImageObject","inLanguage":"de","@id":"https:\/\/secure.gravatar.com\/avatar\/085bd932202626174003b6213069b67b29a7fced2a25a54a49a28e3788f054aa?s=96&d=mm&r=g","url":"https:\/\/secure.gravatar.com\/avatar\/085bd932202626174003b6213069b67b29a7fced2a25a54a49a28e3788f054aa?s=96&d=mm&r=g","contentUrl":"https:\/\/secure.gravatar.com\/avatar\/085bd932202626174003b6213069b67b29a7fced2a25a54a49a28e3788f054aa?s=96&d=mm&r=g","caption":"Albert Ayza"},"url":"https:\/\/www.tamarindos.net\/de\/author\/albertayza\/"}]}},"_links":{"self":[{"href":"https:\/\/www.tamarindos.net\/de\/wp-json\/wp\/v2\/posts\/4122","targetHints":{"allow":["GET"]}}],"collection":[{"href":"https:\/\/www.tamarindos.net\/de\/wp-json\/wp\/v2\/posts"}],"about":[{"href":"https:\/\/www.tamarindos.net\/de\/wp-json\/wp\/v2\/types\/post"}],"author":[{"embeddable":true,"href":"https:\/\/www.tamarindos.net\/de\/wp-json\/wp\/v2\/users\/3"}],"replies":[{"embeddable":true,"href":"https:\/\/www.tamarindos.net\/de\/wp-json\/wp\/v2\/comments?post=4122"}],"version-history":[{"count":1,"href":"https:\/\/www.tamarindos.net\/de\/wp-json\/wp\/v2\/posts\/4122\/revisions"}],"predecessor-version":[{"id":4124,"href":"https:\/\/www.tamarindos.net\/de\/wp-json\/wp\/v2\/posts\/4122\/revisions\/4124"}],"wp:featuredmedia":[{"embeddable":true,"href":"https:\/\/www.tamarindos.net\/de\/wp-json\/wp\/v2\/media\/4109"}],"wp:attachment":[{"href":"https:\/\/www.tamarindos.net\/de\/wp-json\/wp\/v2\/media?parent=4122"}],"wp:term":[{"taxonomy":"category","embeddable":true,"href":"https:\/\/www.tamarindos.net\/de\/wp-json\/wp\/v2\/categories?post=4122"},{"taxonomy":"post_tag","embeddable":true,"href":"https:\/\/www.tamarindos.net\/de\/wp-json\/wp\/v2\/tags?post=4122"}],"curies":[{"name":"wp","href":"https:\/\/api.w.org\/{rel}","templated":true}]}}