{"id":3511,"date":"2019-11-18T12:28:07","date_gmt":"2019-11-18T11:28:07","guid":{"rendered":"https:\/\/www.tamarindos.net\/?p=3511"},"modified":"2019-11-18T12:28:07","modified_gmt":"2019-11-18T11:28:07","slug":"winter-2019-feiertage","status":"publish","type":"post","link":"https:\/\/www.tamarindos.net\/de\/winter-2019-feiertage\/","title":{"rendered":"Winter 2019 Feiertage"},"content":{"rendered":"<h2>Die Winterferien kommen nach Pe\u00f1\u00edscola!<\/h2>\n<p>Am Wochenende vom 22., 23. und 24. November k\u00f6nnen Sie verschiedene Aktivit\u00e4ten in der Stadt auf See genie\u00dfen.<\/p>\n<p>Den ber\u00fchmten &#8222;No Pass&#8220; am Morgen, den Tag der Paellas oder das Orchester am Samstagabend d\u00fcrfen Sie nicht verpassen.<\/p>\n<p><img decoding=\"async\" class=\"aligncenter size-full wp-image-3487\" src=\"https:\/\/www.tamarindos.net\/wp-content\/uploads\/2019\/11\/imagen10197g-1.jpg\" alt=\"Fiestas\" width=\"336\" height=\"472\" srcset=\"https:\/\/www.tamarindos.net\/wp-content\/uploads\/2019\/11\/imagen10197g-1.jpg 336w, https:\/\/www.tamarindos.net\/wp-content\/uploads\/2019\/11\/imagen10197g-1-214x300.jpg 214w\" sizes=\"(max-width: 336px) 100vw, 336px\" \/><\/p>\n<h3>PROGRAMMIERUNG<\/h3>\n<p><em>Freitag 22<\/em><\/p>\n<p>21.00 Uhr: Beginn der Winterfeste. Beleuchtung von Feuerwerksk\u00f6rpern<\/p>\n<p>Als n\u00e4chstes, beliebtes Abendessen: Tombet de Toro. Solange der Vorrat reicht. Preis 2\u20ac: Pe\u00f1\u00edscola Krebsgesellschaft.<\/p>\n<p>00.30 Uhr: Auftritt des Mundo-Orchesters.<\/p>\n<p>02.30 Uhr: KEINE Passierung<\/p>\n<p>Als n\u00e4chstes setzt das World Orchestra seinen Auftritt fort.<\/p>\n<p>Am Ende steht Disco-Mobil Costa Azahar.<\/p>\n<p><em>Samstag 23.<\/em><\/p>\n<p>12.30 Uhr: Paella-Tag<\/p>\n<p>12.30h bis 13.30h: Freibier f\u00fcr alle Teilnehmer.<\/p>\n<p>18.00h bis 19.30h: Nachmittag mit Los Chichos<\/p>\n<p>00.30 Uhr: Auftritt des Orchesters La Red<\/p>\n<p>02.30 Uhr: KEINE Passierung<\/p>\n<p>Encierro der F\u00e4rsen der Rinderfarm Bous La Ribera. Animation des Xaranga All i Pebre von Pe\u00f1\u00edscola.<\/p>\n<p>Als n\u00e4chstes setzt das Orchester La Red seinen Auftritt fort.<\/p>\n<p>Wenn fertig, Disco-Mobil Costa Azahar<\/p>\n<p><em>Sonntag 24<\/em><\/p>\n<p>12.30 Uhr: Pr\u00e4sentation der Basketballclub Pe\u00f1\u00edscola Teams<\/p>\n<p>11.00h bis 14.00h: Spielplatz<\/p>\n<p>Die J\u00fcngsten des Hauses, Jungen und M\u00e4dchen bis zum Alter von zw\u00f6lf Jahren, werden H\u00fcpfburgen genie\u00dfen k\u00f6nnen. Kostenlose Aktivit\u00e4t.<\/p>\n<p>14.00 Uhr: Beliebte Fideu\u00e1. Solange der Vorrat reicht. Preis 2\u20ac: Pe\u00f1\u00edscola Krebsgesellschaft.<\/p>\n<p>17.00h: Animation des kindlichen Laufens der Bullen, Bou per la Vila<\/p>\n<p>Weiter, Ende der Ferien Schokolade<\/p>\n<div class=\"embed-responsive-16by9 embed-responsive\"><iframe title=\"Pe\u00f1\u00edscola, es fiesta.\" width=\"500\" height=\"375\" src=\"https:\/\/www.youtube.com\/embed\/soPGKmo8xD0?start=5&#038;feature=oembed\" frameborder=\"0\" allow=\"accelerometer; autoplay; clipboard-write; encrypted-media; gyroscope; picture-in-picture; web-share\" referrerpolicy=\"strict-origin-when-cross-origin\" allowfullscreen><\/iframe><\/div>\n<p>&nbsp;<\/p>\n<p>\u00dcbernachten Sie in den Tamarindos Apartments und erleben Sie die Winterferien!<\/p>\n<p>Buchen Sie <a href=\"https:\/\/www.tamarindos.net\/de\/\">hier<\/a>!<\/p>\n<p>&nbsp;<\/p>\n","protected":false},"excerpt":{"rendered":"<p>Die Winterferien kommen nach Pe\u00f1\u00edscola! Am Wochenende vom 22., 23. und 24. November k\u00f6nnen Sie verschiedene Aktivit\u00e4ten in der Stadt auf See genie\u00dfen. Den ber\u00fchmten &#8222;No Pass&#8220; am Morgen, den Tag der Paellas oder das Orchester am Samstagabend d\u00fcrfen Sie nicht verpassen. PROGRAMMIERUNG Freitag 22 21.00 Uhr: Beginn der Winterfeste. Beleuchtung von Feuerwerksk\u00f6rpern Als n\u00e4chstes, [&hellip;]<\/p>\n","protected":false},"author":3,"featured_media":3502,"comment_status":"open","ping_status":"open","sticky":false,"template":"","format":"standard","meta":{"_acf_changed":false,"inline_featured_image":false,"_joinchat":[],"footnotes":""},"categories":[74],"tags":[157,159,134,155],"class_list":["post-3511","post","type-post","status-publish","format-standard","has-post-thumbnail","hentry","category-peniscola-2","tag-aktivitaeten","tag-appartements-de","tag-peniscola-de","tag-tourismus"],"acf":[],"yoast_head":"<!-- This site is optimized with the Yoast SEO plugin v27.2 - https:\/\/yoast.com\/product\/yoast-seo-wordpress\/ -->\n<title>Winter 2019 Feiertage - Tamarindos<\/title>\n<meta name=\"description\" content=\"Die Winterferien kommen nach Pe\u00f1\u00edscola!Am Wochenende vom 22., 23. und 24. November k\u00f6nnen Sie verschiedene Aktivit\u00e4ten in der Stadt auf See genie\u00dfen.\" \/>\n<meta name=\"robots\" content=\"index, follow, max-snippet:-1, max-image-preview:large, max-video-preview:-1\" \/>\n<link rel=\"canonical\" href=\"https:\/\/www.tamarindos.net\/de\/winter-2019-feiertage\/\" \/>\n<meta property=\"og:locale\" content=\"de_DE\" \/>\n<meta property=\"og:type\" content=\"article\" \/>\n<meta property=\"og:title\" content=\"Winter 2019 Feiertage - Tamarindos\" \/>\n<meta property=\"og:description\" content=\"Die Winterferien kommen nach Pe\u00f1\u00edscola!Am Wochenende vom 22., 23. und 24. November k\u00f6nnen Sie verschiedene Aktivit\u00e4ten in der Stadt auf See genie\u00dfen.\" \/>\n<meta property=\"og:url\" content=\"https:\/\/www.tamarindos.net\/de\/winter-2019-feiertage\/\" \/>\n<meta property=\"og:site_name\" content=\"Tamarindos\" \/>\n<meta property=\"article:publisher\" content=\"https:\/\/www.facebook.com\/tamarindos.net\/\" \/>\n<meta property=\"article:published_time\" content=\"2019-11-18T11:28:07+00:00\" \/>\n<meta property=\"og:image\" content=\"https:\/\/www.tamarindos.net\/wp-content\/uploads\/2019\/11\/peniscola-festes@2x-960x448-600x448.jpg\" \/>\n\t<meta property=\"og:image:width\" content=\"600\" \/>\n\t<meta property=\"og:image:height\" content=\"448\" \/>\n\t<meta property=\"og:image:type\" content=\"image\/jpeg\" \/>\n<meta name=\"author\" content=\"Albert Ayza\" \/>\n<meta name=\"twitter:card\" content=\"summary_large_image\" \/>\n<meta name=\"twitter:creator\" content=\"@tamarindospe\" \/>\n<meta name=\"twitter:site\" content=\"@tamarindospe\" \/>\n<meta name=\"twitter:label1\" content=\"Verfasst von\" \/>\n\t<meta name=\"twitter:data1\" content=\"Albert Ayza\" \/>\n\t<meta name=\"twitter:label2\" content=\"Gesch\u00e4tzte Lesezeit\" \/>\n\t<meta name=\"twitter:data2\" content=\"1\u00a0Minute\" \/>\n<script type=\"application\/ld+json\" class=\"yoast-schema-graph\">{\"@context\":\"https:\/\/schema.org\",\"@graph\":[{\"@type\":\"Article\",\"@id\":\"https:\/\/www.tamarindos.net\/de\/winter-2019-feiertage\/#article\",\"isPartOf\":{\"@id\":\"https:\/\/www.tamarindos.net\/de\/winter-2019-feiertage\/\"},\"author\":{\"name\":\"Albert Ayza\",\"@id\":\"https:\/\/www.tamarindos.net\/de\/#\/schema\/person\/050e55e551162ae9e703ad72d167ec45\"},\"headline\":\"Winter 2019 Feiertage\",\"datePublished\":\"2019-11-18T11:28:07+00:00\",\"mainEntityOfPage\":{\"@id\":\"https:\/\/www.tamarindos.net\/de\/winter-2019-feiertage\/\"},\"wordCount\":254,\"commentCount\":0,\"publisher\":{\"@id\":\"https:\/\/www.tamarindos.net\/de\/#organization\"},\"image\":{\"@id\":\"https:\/\/www.tamarindos.net\/de\/winter-2019-feiertage\/#primaryimage\"},\"thumbnailUrl\":\"https:\/\/www.tamarindos.net\/wp-content\/uploads\/2019\/11\/peniscola-festes@2x-960x448-600x448.jpg\",\"keywords\":[\"Aktivit\u00e4ten\",\"appartements\",\"Pe\u00f1\u00edscola\",\"Tourismus\"],\"articleSection\":[\"Pe\u00f1\u00edscola\"],\"inLanguage\":\"de\",\"potentialAction\":[{\"@type\":\"CommentAction\",\"name\":\"Comment\",\"target\":[\"https:\/\/www.tamarindos.net\/de\/winter-2019-feiertage\/#respond\"]}]},{\"@type\":\"WebPage\",\"@id\":\"https:\/\/www.tamarindos.net\/de\/winter-2019-feiertage\/\",\"url\":\"https:\/\/www.tamarindos.net\/de\/winter-2019-feiertage\/\",\"name\":\"Winter 2019 Feiertage - Tamarindos\",\"isPartOf\":{\"@id\":\"https:\/\/www.tamarindos.net\/de\/#website\"},\"primaryImageOfPage\":{\"@id\":\"https:\/\/www.tamarindos.net\/de\/winter-2019-feiertage\/#primaryimage\"},\"image\":{\"@id\":\"https:\/\/www.tamarindos.net\/de\/winter-2019-feiertage\/#primaryimage\"},\"thumbnailUrl\":\"https:\/\/www.tamarindos.net\/wp-content\/uploads\/2019\/11\/peniscola-festes@2x-960x448-600x448.jpg\",\"datePublished\":\"2019-11-18T11:28:07+00:00\",\"description\":\"Die Winterferien kommen nach Pe\u00f1\u00edscola!Am Wochenende vom 22., 23. und 24. November k\u00f6nnen Sie verschiedene Aktivit\u00e4ten in der Stadt auf See genie\u00dfen.\",\"breadcrumb\":{\"@id\":\"https:\/\/www.tamarindos.net\/de\/winter-2019-feiertage\/#breadcrumb\"},\"inLanguage\":\"de\",\"potentialAction\":[{\"@type\":\"ReadAction\",\"target\":[\"https:\/\/www.tamarindos.net\/de\/winter-2019-feiertage\/\"]}]},{\"@type\":\"ImageObject\",\"inLanguage\":\"de\",\"@id\":\"https:\/\/www.tamarindos.net\/de\/winter-2019-feiertage\/#primaryimage\",\"url\":\"https:\/\/www.tamarindos.net\/wp-content\/uploads\/2019\/11\/peniscola-festes@2x-960x448-600x448.jpg\",\"contentUrl\":\"https:\/\/www.tamarindos.net\/wp-content\/uploads\/2019\/11\/peniscola-festes@2x-960x448-600x448.jpg\",\"width\":600,\"height\":448,\"caption\":\"Pe\u00f1\u00edscola\"},{\"@type\":\"BreadcrumbList\",\"@id\":\"https:\/\/www.tamarindos.net\/de\/winter-2019-feiertage\/#breadcrumb\",\"itemListElement\":[{\"@type\":\"ListItem\",\"position\":1,\"name\":\"Inicio\",\"item\":\"https:\/\/www.tamarindos.net\/de\/homepage\/\"},{\"@type\":\"ListItem\",\"position\":2,\"name\":\"Winter 2019 Feiertage\"}]},{\"@type\":\"WebSite\",\"@id\":\"https:\/\/www.tamarindos.net\/de\/#website\",\"url\":\"https:\/\/www.tamarindos.net\/de\/\",\"name\":\"Tamarindos\",\"description\":\"Apartamentos en Pe\u00f1\u00edscola\",\"publisher\":{\"@id\":\"https:\/\/www.tamarindos.net\/de\/#organization\"},\"potentialAction\":[{\"@type\":\"SearchAction\",\"target\":{\"@type\":\"EntryPoint\",\"urlTemplate\":\"https:\/\/www.tamarindos.net\/de\/?s={search_term_string}\"},\"query-input\":{\"@type\":\"PropertyValueSpecification\",\"valueRequired\":true,\"valueName\":\"search_term_string\"}}],\"inLanguage\":\"de\"},{\"@type\":\"Organization\",\"@id\":\"https:\/\/www.tamarindos.net\/de\/#organization\",\"name\":\"TAMARINDOS PE\u00d1\u00cdSCOLA\",\"url\":\"https:\/\/www.tamarindos.net\/de\/\",\"logo\":{\"@type\":\"ImageObject\",\"inLanguage\":\"de\",\"@id\":\"https:\/\/www.tamarindos.net\/de\/#\/schema\/logo\/image\/\",\"url\":\"https:\/\/www.tamarindos.net\/wp-content\/uploads\/2019\/10\/A7B9714-compressor-e1571911709586.jpg\",\"contentUrl\":\"https:\/\/www.tamarindos.net\/wp-content\/uploads\/2019\/10\/A7B9714-compressor-e1571911709586.jpg\",\"width\":1024,\"height\":705,\"caption\":\"TAMARINDOS PE\u00d1\u00cdSCOLA\"},\"image\":{\"@id\":\"https:\/\/www.tamarindos.net\/de\/#\/schema\/logo\/image\/\"},\"sameAs\":[\"https:\/\/www.facebook.com\/tamarindos.net\/\",\"https:\/\/x.com\/tamarindospe\",\"https:\/\/www.instagram.com\/apartamentos_tamarindos\/?hl=es\",\"https:\/\/www.youtube.com\/channel\/UCdzAK3I0CHxOUOFg4IIl76g\"]},{\"@type\":\"Person\",\"@id\":\"https:\/\/www.tamarindos.net\/de\/#\/schema\/person\/050e55e551162ae9e703ad72d167ec45\",\"name\":\"Albert Ayza\",\"image\":{\"@type\":\"ImageObject\",\"inLanguage\":\"de\",\"@id\":\"https:\/\/secure.gravatar.com\/avatar\/085bd932202626174003b6213069b67b29a7fced2a25a54a49a28e3788f054aa?s=96&d=mm&r=g\",\"url\":\"https:\/\/secure.gravatar.com\/avatar\/085bd932202626174003b6213069b67b29a7fced2a25a54a49a28e3788f054aa?s=96&d=mm&r=g\",\"contentUrl\":\"https:\/\/secure.gravatar.com\/avatar\/085bd932202626174003b6213069b67b29a7fced2a25a54a49a28e3788f054aa?s=96&d=mm&r=g\",\"caption\":\"Albert Ayza\"},\"url\":\"https:\/\/www.tamarindos.net\/de\/author\/albertayza\/\"}]}<\/script>\n<!-- \/ Yoast SEO plugin. -->","yoast_head_json":{"title":"Winter 2019 Feiertage - Tamarindos","description":"Die Winterferien kommen nach Pe\u00f1\u00edscola!Am Wochenende vom 22., 23. und 24. November k\u00f6nnen Sie verschiedene Aktivit\u00e4ten in der Stadt auf See genie\u00dfen.","robots":{"index":"index","follow":"follow","max-snippet":"max-snippet:-1","max-image-preview":"max-image-preview:large","max-video-preview":"max-video-preview:-1"},"canonical":"https:\/\/www.tamarindos.net\/de\/winter-2019-feiertage\/","og_locale":"de_DE","og_type":"article","og_title":"Winter 2019 Feiertage - Tamarindos","og_description":"Die Winterferien kommen nach Pe\u00f1\u00edscola!Am Wochenende vom 22., 23. und 24. November k\u00f6nnen Sie verschiedene Aktivit\u00e4ten in der Stadt auf See genie\u00dfen.","og_url":"https:\/\/www.tamarindos.net\/de\/winter-2019-feiertage\/","og_site_name":"Tamarindos","article_publisher":"https:\/\/www.facebook.com\/tamarindos.net\/","article_published_time":"2019-11-18T11:28:07+00:00","og_image":[{"width":600,"height":448,"url":"https:\/\/www.tamarindos.net\/wp-content\/uploads\/2019\/11\/peniscola-festes@2x-960x448-600x448.jpg","type":"image\/jpeg"}],"author":"Albert Ayza","twitter_card":"summary_large_image","twitter_creator":"@tamarindospe","twitter_site":"@tamarindospe","twitter_misc":{"Verfasst von":"Albert Ayza","Gesch\u00e4tzte Lesezeit":"1\u00a0Minute"},"schema":{"@context":"https:\/\/schema.org","@graph":[{"@type":"Article","@id":"https:\/\/www.tamarindos.net\/de\/winter-2019-feiertage\/#article","isPartOf":{"@id":"https:\/\/www.tamarindos.net\/de\/winter-2019-feiertage\/"},"author":{"name":"Albert Ayza","@id":"https:\/\/www.tamarindos.net\/de\/#\/schema\/person\/050e55e551162ae9e703ad72d167ec45"},"headline":"Winter 2019 Feiertage","datePublished":"2019-11-18T11:28:07+00:00","mainEntityOfPage":{"@id":"https:\/\/www.tamarindos.net\/de\/winter-2019-feiertage\/"},"wordCount":254,"commentCount":0,"publisher":{"@id":"https:\/\/www.tamarindos.net\/de\/#organization"},"image":{"@id":"https:\/\/www.tamarindos.net\/de\/winter-2019-feiertage\/#primaryimage"},"thumbnailUrl":"https:\/\/www.tamarindos.net\/wp-content\/uploads\/2019\/11\/peniscola-festes@2x-960x448-600x448.jpg","keywords":["Aktivit\u00e4ten","appartements","Pe\u00f1\u00edscola","Tourismus"],"articleSection":["Pe\u00f1\u00edscola"],"inLanguage":"de","potentialAction":[{"@type":"CommentAction","name":"Comment","target":["https:\/\/www.tamarindos.net\/de\/winter-2019-feiertage\/#respond"]}]},{"@type":"WebPage","@id":"https:\/\/www.tamarindos.net\/de\/winter-2019-feiertage\/","url":"https:\/\/www.tamarindos.net\/de\/winter-2019-feiertage\/","name":"Winter 2019 Feiertage - Tamarindos","isPartOf":{"@id":"https:\/\/www.tamarindos.net\/de\/#website"},"primaryImageOfPage":{"@id":"https:\/\/www.tamarindos.net\/de\/winter-2019-feiertage\/#primaryimage"},"image":{"@id":"https:\/\/www.tamarindos.net\/de\/winter-2019-feiertage\/#primaryimage"},"thumbnailUrl":"https:\/\/www.tamarindos.net\/wp-content\/uploads\/2019\/11\/peniscola-festes@2x-960x448-600x448.jpg","datePublished":"2019-11-18T11:28:07+00:00","description":"Die Winterferien kommen nach Pe\u00f1\u00edscola!Am Wochenende vom 22., 23. und 24. November k\u00f6nnen Sie verschiedene Aktivit\u00e4ten in der Stadt auf See genie\u00dfen.","breadcrumb":{"@id":"https:\/\/www.tamarindos.net\/de\/winter-2019-feiertage\/#breadcrumb"},"inLanguage":"de","potentialAction":[{"@type":"ReadAction","target":["https:\/\/www.tamarindos.net\/de\/winter-2019-feiertage\/"]}]},{"@type":"ImageObject","inLanguage":"de","@id":"https:\/\/www.tamarindos.net\/de\/winter-2019-feiertage\/#primaryimage","url":"https:\/\/www.tamarindos.net\/wp-content\/uploads\/2019\/11\/peniscola-festes@2x-960x448-600x448.jpg","contentUrl":"https:\/\/www.tamarindos.net\/wp-content\/uploads\/2019\/11\/peniscola-festes@2x-960x448-600x448.jpg","width":600,"height":448,"caption":"Pe\u00f1\u00edscola"},{"@type":"BreadcrumbList","@id":"https:\/\/www.tamarindos.net\/de\/winter-2019-feiertage\/#breadcrumb","itemListElement":[{"@type":"ListItem","position":1,"name":"Inicio","item":"https:\/\/www.tamarindos.net\/de\/homepage\/"},{"@type":"ListItem","position":2,"name":"Winter 2019 Feiertage"}]},{"@type":"WebSite","@id":"https:\/\/www.tamarindos.net\/de\/#website","url":"https:\/\/www.tamarindos.net\/de\/","name":"Tamarindos","description":"Apartamentos en Pe\u00f1\u00edscola","publisher":{"@id":"https:\/\/www.tamarindos.net\/de\/#organization"},"potentialAction":[{"@type":"SearchAction","target":{"@type":"EntryPoint","urlTemplate":"https:\/\/www.tamarindos.net\/de\/?s={search_term_string}"},"query-input":{"@type":"PropertyValueSpecification","valueRequired":true,"valueName":"search_term_string"}}],"inLanguage":"de"},{"@type":"Organization","@id":"https:\/\/www.tamarindos.net\/de\/#organization","name":"TAMARINDOS PE\u00d1\u00cdSCOLA","url":"https:\/\/www.tamarindos.net\/de\/","logo":{"@type":"ImageObject","inLanguage":"de","@id":"https:\/\/www.tamarindos.net\/de\/#\/schema\/logo\/image\/","url":"https:\/\/www.tamarindos.net\/wp-content\/uploads\/2019\/10\/A7B9714-compressor-e1571911709586.jpg","contentUrl":"https:\/\/www.tamarindos.net\/wp-content\/uploads\/2019\/10\/A7B9714-compressor-e1571911709586.jpg","width":1024,"height":705,"caption":"TAMARINDOS PE\u00d1\u00cdSCOLA"},"image":{"@id":"https:\/\/www.tamarindos.net\/de\/#\/schema\/logo\/image\/"},"sameAs":["https:\/\/www.facebook.com\/tamarindos.net\/","https:\/\/x.com\/tamarindospe","https:\/\/www.instagram.com\/apartamentos_tamarindos\/?hl=es","https:\/\/www.youtube.com\/channel\/UCdzAK3I0CHxOUOFg4IIl76g"]},{"@type":"Person","@id":"https:\/\/www.tamarindos.net\/de\/#\/schema\/person\/050e55e551162ae9e703ad72d167ec45","name":"Albert Ayza","image":{"@type":"ImageObject","inLanguage":"de","@id":"https:\/\/secure.gravatar.com\/avatar\/085bd932202626174003b6213069b67b29a7fced2a25a54a49a28e3788f054aa?s=96&d=mm&r=g","url":"https:\/\/secure.gravatar.com\/avatar\/085bd932202626174003b6213069b67b29a7fced2a25a54a49a28e3788f054aa?s=96&d=mm&r=g","contentUrl":"https:\/\/secure.gravatar.com\/avatar\/085bd932202626174003b6213069b67b29a7fced2a25a54a49a28e3788f054aa?s=96&d=mm&r=g","caption":"Albert Ayza"},"url":"https:\/\/www.tamarindos.net\/de\/author\/albertayza\/"}]}},"_links":{"self":[{"href":"https:\/\/www.tamarindos.net\/de\/wp-json\/wp\/v2\/posts\/3511","targetHints":{"allow":["GET"]}}],"collection":[{"href":"https:\/\/www.tamarindos.net\/de\/wp-json\/wp\/v2\/posts"}],"about":[{"href":"https:\/\/www.tamarindos.net\/de\/wp-json\/wp\/v2\/types\/post"}],"author":[{"embeddable":true,"href":"https:\/\/www.tamarindos.net\/de\/wp-json\/wp\/v2\/users\/3"}],"replies":[{"embeddable":true,"href":"https:\/\/www.tamarindos.net\/de\/wp-json\/wp\/v2\/comments?post=3511"}],"version-history":[{"count":1,"href":"https:\/\/www.tamarindos.net\/de\/wp-json\/wp\/v2\/posts\/3511\/revisions"}],"predecessor-version":[{"id":3513,"href":"https:\/\/www.tamarindos.net\/de\/wp-json\/wp\/v2\/posts\/3511\/revisions\/3513"}],"wp:featuredmedia":[{"embeddable":true,"href":"https:\/\/www.tamarindos.net\/de\/wp-json\/wp\/v2\/media\/3502"}],"wp:attachment":[{"href":"https:\/\/www.tamarindos.net\/de\/wp-json\/wp\/v2\/media?parent=3511"}],"wp:term":[{"taxonomy":"category","embeddable":true,"href":"https:\/\/www.tamarindos.net\/de\/wp-json\/wp\/v2\/categories?post=3511"},{"taxonomy":"post_tag","embeddable":true,"href":"https:\/\/www.tamarindos.net\/de\/wp-json\/wp\/v2\/tags?post=3511"}],"curies":[{"name":"wp","href":"https:\/\/api.w.org\/{rel}","templated":true}]}}