{"id":2681,"date":"2019-07-22T14:54:21","date_gmt":"2019-07-22T13:54:21","guid":{"rendered":"https:\/\/www.tamarindos.net\/?p=2681"},"modified":"2019-07-22T15:42:57","modified_gmt":"2019-07-22T14:42:57","slug":"2681","status":"publish","type":"post","link":"https:\/\/www.tamarindos.net\/de\/2681\/","title":{"rendered":"XXIV. Internationales Festival f\u00fcr Alte und Barocke Musik"},"content":{"rendered":"<p>In den ersten zwei Wochen des Monats August findet in der Burg des Papstes Luna von Pe\u00f1\u00edscola erneut die Feier der XXIV. Ausgabe des Internationalen Festivals f\u00fcr Alte und Barockmusik statt. Es ist ein Ereignis, das die Gemeinde Jahr f\u00fcr Jahr zum internationalen Epizentrum der Barockmusik macht. Wenn Sie in <a href=\"https:\/\/www.tamarindos.net\/de\/\">Apartamentos Tamarindos Pe\u00f1\u00edscola<\/a> \u00fcbernachten, k\u00f6nnen Sie diese einzigartige Gelegenheit, die die Stadt Ihnen auf See bietet, nicht verpassen.<\/p>\n<p>Eine Veranstaltung, bei der Sie mit der ganzen Familie genie\u00dfen k\u00f6nnen, von Konzerten, Theatern bis hin zu einer au\u00dfergew\u00f6hnlichen pyromusikalischen Show am Mittelmeer.<\/p>\n<h3>PROGRAMMIERUNG<\/h3>\n<p>1. August, Playa Norte, 24.00 Uhr<\/p>\n<p><strong>Pyromusikalische Show<\/strong><\/p>\n<p>Auswahl der Werke von Johann Sebastian Bach<\/p>\n<p>2. August, Papst Mondschl\u00f6sser, 22.30 Uhr<\/p>\n<p><strong>Vivaldi Ensemble (Valencia)<\/strong><br \/>\nJesus Fuster, Oboe<br \/>\nJuan Sapi\u00f1a, Fagott<br \/>\nDas Konzert im Barock<\/p>\n<p>3. August, Palais des Congr\u00e8s, 19.30 Uhr.<\/p>\n<p><strong>Emilio Villalba &amp; Sara Marina (Andalusien)\u00a0<\/strong><br \/>\nAmadis und der Schatz der Musik f\u00fcr das Familienpublikum ab 5 Jahren.<\/p>\n<p>3. August, Papst Mondschloss, 22.30 Uhr<\/p>\n<p><strong>Iagoba Fanlo (Baskenland)\u00a0<\/strong><br \/>\nSuiten f\u00fcr Cello von Johann Sebastian Bach<\/p>\n<p>4. August, Papst Mondschloss, 22.30 Uhr.<\/p>\n<p><strong>Musik Trobada (Valencia)\u00a0<\/strong><br \/>\nPila Mohedano, Tanz<br \/>\nFrancesc Valldecabres, Direktorin<br \/>\nAffekte einer verliebten Seele<\/p>\n<p>5. August, Papst Mondschloss, 22.30 Uhr<\/p>\n<p><strong>Amystis (Valencia)\u00a0<\/strong><br \/>\nJos\u00e9 Duce, Direktor<br \/>\nEchos des Parnassus, des verborgenen spanischen Madrigals.<\/p>\n<p>6. August, Papst Mondschloss, 22.30 Uhr<\/p>\n<p><strong>\u00c8lia Casanova &amp; La tendresa (Valencia)<\/strong><br \/>\nDie Universo sulla pelle, Arien, Madrigale und Kantaten des Seicento.<\/p>\n<p>7. August, Papst Mondschloss, 22.30 Uhr<\/p>\n<p><strong>La Dispersione (Valencia) \/ 20-j\u00e4hriges Jubil\u00e4um<\/strong><br \/>\nJorge E. Garc\u00eda Ortega, Auftragnehmerin<br \/>\nJoan Baptista Bo\u00efls, Direktorin<br \/>\nMit reiner Leidenschaft<\/p>\n<p>8. August, Papst Mondschloss, 22.30 Uhr.<\/p>\n<p><strong>Capella de Ministrers (Valencia)\u00a0<\/strong><br \/>\nMaria Jonah, Mezzosopranistin<br \/>\nCarles Magraner, Direktorin<br \/>\nDer Gral<br \/>\nMittelalterliche Musik und Literatur rund um den Heiligen Gral<\/p>\n<p>9. August, Papst Mondschloss, 22.30 Uhr<\/p>\n<p><strong>M\u00fasica Ficta (Madrid)\u00a0<\/strong><br \/>\nRa\u00fal Mallavibarrena, Direktorin<br \/>\nLucidissima mia stella<br \/>\nMusik zur Zeit von Barbara Strozzi zum 400. Jahrestag ihrer Geburt<\/p>\n<p>10. August, Papst Mondschloss, 22.30 Uhr<\/p>\n<p><strong>Nordische Stimmen (Norwegen)\u00a0<\/strong><br \/>\nCarlo Gesualdo Principe da Venosa \/ Tom\u00e1s Luis de Victoria<\/p>\n<p>11. August, Palais des Congr\u00e8s, 19.30 Uhr.<\/p>\n<p><strong>Claroscvro Theater (Andalusien)\u00a0<\/strong><br \/>\nVerlust in Bosco f\u00fcr Familien, ab dem Alter von 5 Jahren.<\/p>\n<p>11. August, Papst Mondschloss, 22.30 Uhr<\/p>\n<p><strong>Gli Incogniti (Frankreich)\u00a0<\/strong><br \/>\nAmadine Beyer, Direktorin<br \/>\nBWV&#8230;. oder nicht? Der falsche Bach<\/p>\n<p>12. August, Palacio de Congresos, 22.30 Uhr.<\/p>\n<p><strong>Jordi Savall &amp; Hesp\u00e8rion XXI (Katalonien)\u00a0<\/strong><br \/>\nTembembe Ensamble Continuo (Mexiko)<br \/>\nAntike &amp; kreolische Flugbl\u00e4tter. De l&#8217;antic al nou m\u00f3n<\/p>\n<blockquote>\n<p style=\"text-align: left;\">Es ist ein Festival der Diputaci\u00f3 de Castell\u00f3, der Stadtverwaltung von Pe\u00f1\u00edscola und des Institut Valenci\u00e0 de Cultura.<\/p>\n<p style=\"text-align: left;\">Tickets: \u20ac12<\/p>\n<p style=\"text-align: left;\">Ticket f\u00fcr 11 Konzerte: 100 \u20ac.\u00a0 5 Konzertpass: 50 \u20ac.<\/p>\n<\/blockquote>\n","protected":false},"excerpt":{"rendered":"<p>In den ersten zwei Wochen des Monats August findet in der Burg des Papstes Luna von Pe\u00f1\u00edscola erneut die Feier der XXIV. Ausgabe des Internationalen Festivals f\u00fcr Alte und Barockmusik statt. Es ist ein Ereignis, das die Gemeinde Jahr f\u00fcr Jahr zum internationalen Epizentrum der Barockmusik macht. Wenn Sie in Apartamentos Tamarindos Pe\u00f1\u00edscola \u00fcbernachten, k\u00f6nnen [&hellip;]<\/p>\n","protected":false},"author":3,"featured_media":2671,"comment_status":"open","ping_status":"open","sticky":false,"template":"","format":"standard","meta":{"_acf_changed":false,"inline_featured_image":false,"_joinchat":[],"footnotes":""},"categories":[141,74,150],"tags":[157,158,134,76,155,132],"class_list":["post-2681","post","type-post","status-publish","format-standard","has-post-thumbnail","hentry","category-appartements","category-peniscola-2","category-tamarindos-4","tag-aktivitaeten","tag-familie-tourismus","tag-peniscola-de","tag-sonne","tag-tourismus","tag-umgebung"],"acf":[],"yoast_head":"<!-- This site is optimized with the Yoast SEO plugin v27.2 - https:\/\/yoast.com\/product\/yoast-seo-wordpress\/ -->\n<title>XXIV. Internationales Festival f\u00fcr Alte und Barocke Musik - Tamarindos<\/title>\n<meta name=\"robots\" content=\"index, follow, max-snippet:-1, max-image-preview:large, max-video-preview:-1\" \/>\n<link rel=\"canonical\" href=\"https:\/\/www.tamarindos.net\/de\/2681\/\" \/>\n<meta property=\"og:locale\" content=\"de_DE\" \/>\n<meta property=\"og:type\" content=\"article\" \/>\n<meta property=\"og:title\" content=\"XXIV. Internationales Festival f\u00fcr Alte und Barocke Musik - Tamarindos\" \/>\n<meta property=\"og:description\" content=\"In den ersten zwei Wochen des Monats August findet in der Burg des Papstes Luna von Pe\u00f1\u00edscola erneut die Feier der XXIV. Ausgabe des Internationalen Festivals f\u00fcr Alte und Barockmusik statt. Es ist ein Ereignis, das die Gemeinde Jahr f\u00fcr Jahr zum internationalen Epizentrum der Barockmusik macht. Wenn Sie in Apartamentos Tamarindos Pe\u00f1\u00edscola \u00fcbernachten, k\u00f6nnen [&hellip;]\" \/>\n<meta property=\"og:url\" content=\"https:\/\/www.tamarindos.net\/de\/2681\/\" \/>\n<meta property=\"og:site_name\" content=\"Tamarindos\" \/>\n<meta property=\"article:publisher\" content=\"https:\/\/www.facebook.com\/tamarindos.net\/\" \/>\n<meta property=\"article:published_time\" content=\"2019-07-22T13:54:21+00:00\" \/>\n<meta property=\"article:modified_time\" content=\"2019-07-22T14:42:57+00:00\" \/>\n<meta property=\"og:image\" content=\"https:\/\/www.tamarindos.net\/wp-content\/uploads\/2019\/07\/piromusical-1024x724.jpg\" \/>\n\t<meta property=\"og:image:width\" content=\"1024\" \/>\n\t<meta property=\"og:image:height\" content=\"724\" \/>\n\t<meta property=\"og:image:type\" content=\"image\/jpeg\" \/>\n<meta name=\"author\" content=\"Albert Ayza\" \/>\n<meta name=\"twitter:card\" content=\"summary_large_image\" \/>\n<meta name=\"twitter:creator\" content=\"@tamarindospe\" \/>\n<meta name=\"twitter:site\" content=\"@tamarindospe\" \/>\n<meta name=\"twitter:label1\" content=\"Verfasst von\" \/>\n\t<meta name=\"twitter:data1\" content=\"Albert Ayza\" \/>\n\t<meta name=\"twitter:label2\" content=\"Gesch\u00e4tzte Lesezeit\" \/>\n\t<meta name=\"twitter:data2\" content=\"2\u00a0Minuten\" \/>\n<script type=\"application\/ld+json\" class=\"yoast-schema-graph\">{\"@context\":\"https:\/\/schema.org\",\"@graph\":[{\"@type\":\"Article\",\"@id\":\"https:\/\/www.tamarindos.net\/de\/2681\/#article\",\"isPartOf\":{\"@id\":\"https:\/\/www.tamarindos.net\/de\/2681\/\"},\"author\":{\"name\":\"Albert Ayza\",\"@id\":\"https:\/\/www.tamarindos.net\/de\/#\/schema\/person\/050e55e551162ae9e703ad72d167ec45\"},\"headline\":\"XXIV. Internationales Festival f\u00fcr Alte und Barocke Musik\",\"datePublished\":\"2019-07-22T13:54:21+00:00\",\"dateModified\":\"2019-07-22T14:42:57+00:00\",\"mainEntityOfPage\":{\"@id\":\"https:\/\/www.tamarindos.net\/de\/2681\/\"},\"wordCount\":415,\"commentCount\":0,\"publisher\":{\"@id\":\"https:\/\/www.tamarindos.net\/de\/#organization\"},\"image\":{\"@id\":\"https:\/\/www.tamarindos.net\/de\/2681\/#primaryimage\"},\"thumbnailUrl\":\"https:\/\/www.tamarindos.net\/wp-content\/uploads\/2019\/07\/piromusical.jpg\",\"keywords\":[\"Aktivit\u00e4ten\",\"Familie Tourismus\",\"Pe\u00f1\u00edscola\",\"Sonne\",\"Tourismus\",\"Umgebung\"],\"articleSection\":[\"Appartements\",\"Pe\u00f1\u00edscola\",\"tamarindos\"],\"inLanguage\":\"de\",\"potentialAction\":[{\"@type\":\"CommentAction\",\"name\":\"Comment\",\"target\":[\"https:\/\/www.tamarindos.net\/de\/2681\/#respond\"]}]},{\"@type\":\"WebPage\",\"@id\":\"https:\/\/www.tamarindos.net\/de\/2681\/\",\"url\":\"https:\/\/www.tamarindos.net\/de\/2681\/\",\"name\":\"XXIV. Internationales Festival f\u00fcr Alte und Barocke Musik - Tamarindos\",\"isPartOf\":{\"@id\":\"https:\/\/www.tamarindos.net\/de\/#website\"},\"primaryImageOfPage\":{\"@id\":\"https:\/\/www.tamarindos.net\/de\/2681\/#primaryimage\"},\"image\":{\"@id\":\"https:\/\/www.tamarindos.net\/de\/2681\/#primaryimage\"},\"thumbnailUrl\":\"https:\/\/www.tamarindos.net\/wp-content\/uploads\/2019\/07\/piromusical.jpg\",\"datePublished\":\"2019-07-22T13:54:21+00:00\",\"dateModified\":\"2019-07-22T14:42:57+00:00\",\"breadcrumb\":{\"@id\":\"https:\/\/www.tamarindos.net\/de\/2681\/#breadcrumb\"},\"inLanguage\":\"de\",\"potentialAction\":[{\"@type\":\"ReadAction\",\"target\":[\"https:\/\/www.tamarindos.net\/de\/2681\/\"]}]},{\"@type\":\"ImageObject\",\"inLanguage\":\"de\",\"@id\":\"https:\/\/www.tamarindos.net\/de\/2681\/#primaryimage\",\"url\":\"https:\/\/www.tamarindos.net\/wp-content\/uploads\/2019\/07\/piromusical.jpg\",\"contentUrl\":\"https:\/\/www.tamarindos.net\/wp-content\/uploads\/2019\/07\/piromusical.jpg\",\"width\":4961,\"height\":3508},{\"@type\":\"BreadcrumbList\",\"@id\":\"https:\/\/www.tamarindos.net\/de\/2681\/#breadcrumb\",\"itemListElement\":[{\"@type\":\"ListItem\",\"position\":1,\"name\":\"Inicio\",\"item\":\"https:\/\/www.tamarindos.net\/de\/homepage\/\"},{\"@type\":\"ListItem\",\"position\":2,\"name\":\"XXIV. Internationales Festival f\u00fcr Alte und Barocke Musik\"}]},{\"@type\":\"WebSite\",\"@id\":\"https:\/\/www.tamarindos.net\/de\/#website\",\"url\":\"https:\/\/www.tamarindos.net\/de\/\",\"name\":\"Tamarindos\",\"description\":\"Apartamentos en Pe\u00f1\u00edscola\",\"publisher\":{\"@id\":\"https:\/\/www.tamarindos.net\/de\/#organization\"},\"potentialAction\":[{\"@type\":\"SearchAction\",\"target\":{\"@type\":\"EntryPoint\",\"urlTemplate\":\"https:\/\/www.tamarindos.net\/de\/?s={search_term_string}\"},\"query-input\":{\"@type\":\"PropertyValueSpecification\",\"valueRequired\":true,\"valueName\":\"search_term_string\"}}],\"inLanguage\":\"de\"},{\"@type\":\"Organization\",\"@id\":\"https:\/\/www.tamarindos.net\/de\/#organization\",\"name\":\"TAMARINDOS PE\u00d1\u00cdSCOLA\",\"url\":\"https:\/\/www.tamarindos.net\/de\/\",\"logo\":{\"@type\":\"ImageObject\",\"inLanguage\":\"de\",\"@id\":\"https:\/\/www.tamarindos.net\/de\/#\/schema\/logo\/image\/\",\"url\":\"https:\/\/www.tamarindos.net\/wp-content\/uploads\/2019\/10\/A7B9714-compressor-e1571911709586.jpg\",\"contentUrl\":\"https:\/\/www.tamarindos.net\/wp-content\/uploads\/2019\/10\/A7B9714-compressor-e1571911709586.jpg\",\"width\":1024,\"height\":705,\"caption\":\"TAMARINDOS PE\u00d1\u00cdSCOLA\"},\"image\":{\"@id\":\"https:\/\/www.tamarindos.net\/de\/#\/schema\/logo\/image\/\"},\"sameAs\":[\"https:\/\/www.facebook.com\/tamarindos.net\/\",\"https:\/\/x.com\/tamarindospe\",\"https:\/\/www.instagram.com\/apartamentos_tamarindos\/?hl=es\",\"https:\/\/www.youtube.com\/channel\/UCdzAK3I0CHxOUOFg4IIl76g\"]},{\"@type\":\"Person\",\"@id\":\"https:\/\/www.tamarindos.net\/de\/#\/schema\/person\/050e55e551162ae9e703ad72d167ec45\",\"name\":\"Albert Ayza\",\"image\":{\"@type\":\"ImageObject\",\"inLanguage\":\"de\",\"@id\":\"https:\/\/secure.gravatar.com\/avatar\/085bd932202626174003b6213069b67b29a7fced2a25a54a49a28e3788f054aa?s=96&d=mm&r=g\",\"url\":\"https:\/\/secure.gravatar.com\/avatar\/085bd932202626174003b6213069b67b29a7fced2a25a54a49a28e3788f054aa?s=96&d=mm&r=g\",\"contentUrl\":\"https:\/\/secure.gravatar.com\/avatar\/085bd932202626174003b6213069b67b29a7fced2a25a54a49a28e3788f054aa?s=96&d=mm&r=g\",\"caption\":\"Albert Ayza\"},\"url\":\"https:\/\/www.tamarindos.net\/de\/author\/albertayza\/\"}]}<\/script>\n<!-- \/ Yoast SEO plugin. -->","yoast_head_json":{"title":"XXIV. Internationales Festival f\u00fcr Alte und Barocke Musik - Tamarindos","robots":{"index":"index","follow":"follow","max-snippet":"max-snippet:-1","max-image-preview":"max-image-preview:large","max-video-preview":"max-video-preview:-1"},"canonical":"https:\/\/www.tamarindos.net\/de\/2681\/","og_locale":"de_DE","og_type":"article","og_title":"XXIV. Internationales Festival f\u00fcr Alte und Barocke Musik - Tamarindos","og_description":"In den ersten zwei Wochen des Monats August findet in der Burg des Papstes Luna von Pe\u00f1\u00edscola erneut die Feier der XXIV. Ausgabe des Internationalen Festivals f\u00fcr Alte und Barockmusik statt. Es ist ein Ereignis, das die Gemeinde Jahr f\u00fcr Jahr zum internationalen Epizentrum der Barockmusik macht. Wenn Sie in Apartamentos Tamarindos Pe\u00f1\u00edscola \u00fcbernachten, k\u00f6nnen [&hellip;]","og_url":"https:\/\/www.tamarindos.net\/de\/2681\/","og_site_name":"Tamarindos","article_publisher":"https:\/\/www.facebook.com\/tamarindos.net\/","article_published_time":"2019-07-22T13:54:21+00:00","article_modified_time":"2019-07-22T14:42:57+00:00","og_image":[{"width":1024,"height":724,"url":"https:\/\/www.tamarindos.net\/wp-content\/uploads\/2019\/07\/piromusical-1024x724.jpg","type":"image\/jpeg"}],"author":"Albert Ayza","twitter_card":"summary_large_image","twitter_creator":"@tamarindospe","twitter_site":"@tamarindospe","twitter_misc":{"Verfasst von":"Albert Ayza","Gesch\u00e4tzte Lesezeit":"2\u00a0Minuten"},"schema":{"@context":"https:\/\/schema.org","@graph":[{"@type":"Article","@id":"https:\/\/www.tamarindos.net\/de\/2681\/#article","isPartOf":{"@id":"https:\/\/www.tamarindos.net\/de\/2681\/"},"author":{"name":"Albert Ayza","@id":"https:\/\/www.tamarindos.net\/de\/#\/schema\/person\/050e55e551162ae9e703ad72d167ec45"},"headline":"XXIV. Internationales Festival f\u00fcr Alte und Barocke Musik","datePublished":"2019-07-22T13:54:21+00:00","dateModified":"2019-07-22T14:42:57+00:00","mainEntityOfPage":{"@id":"https:\/\/www.tamarindos.net\/de\/2681\/"},"wordCount":415,"commentCount":0,"publisher":{"@id":"https:\/\/www.tamarindos.net\/de\/#organization"},"image":{"@id":"https:\/\/www.tamarindos.net\/de\/2681\/#primaryimage"},"thumbnailUrl":"https:\/\/www.tamarindos.net\/wp-content\/uploads\/2019\/07\/piromusical.jpg","keywords":["Aktivit\u00e4ten","Familie Tourismus","Pe\u00f1\u00edscola","Sonne","Tourismus","Umgebung"],"articleSection":["Appartements","Pe\u00f1\u00edscola","tamarindos"],"inLanguage":"de","potentialAction":[{"@type":"CommentAction","name":"Comment","target":["https:\/\/www.tamarindos.net\/de\/2681\/#respond"]}]},{"@type":"WebPage","@id":"https:\/\/www.tamarindos.net\/de\/2681\/","url":"https:\/\/www.tamarindos.net\/de\/2681\/","name":"XXIV. Internationales Festival f\u00fcr Alte und Barocke Musik - Tamarindos","isPartOf":{"@id":"https:\/\/www.tamarindos.net\/de\/#website"},"primaryImageOfPage":{"@id":"https:\/\/www.tamarindos.net\/de\/2681\/#primaryimage"},"image":{"@id":"https:\/\/www.tamarindos.net\/de\/2681\/#primaryimage"},"thumbnailUrl":"https:\/\/www.tamarindos.net\/wp-content\/uploads\/2019\/07\/piromusical.jpg","datePublished":"2019-07-22T13:54:21+00:00","dateModified":"2019-07-22T14:42:57+00:00","breadcrumb":{"@id":"https:\/\/www.tamarindos.net\/de\/2681\/#breadcrumb"},"inLanguage":"de","potentialAction":[{"@type":"ReadAction","target":["https:\/\/www.tamarindos.net\/de\/2681\/"]}]},{"@type":"ImageObject","inLanguage":"de","@id":"https:\/\/www.tamarindos.net\/de\/2681\/#primaryimage","url":"https:\/\/www.tamarindos.net\/wp-content\/uploads\/2019\/07\/piromusical.jpg","contentUrl":"https:\/\/www.tamarindos.net\/wp-content\/uploads\/2019\/07\/piromusical.jpg","width":4961,"height":3508},{"@type":"BreadcrumbList","@id":"https:\/\/www.tamarindos.net\/de\/2681\/#breadcrumb","itemListElement":[{"@type":"ListItem","position":1,"name":"Inicio","item":"https:\/\/www.tamarindos.net\/de\/homepage\/"},{"@type":"ListItem","position":2,"name":"XXIV. Internationales Festival f\u00fcr Alte und Barocke Musik"}]},{"@type":"WebSite","@id":"https:\/\/www.tamarindos.net\/de\/#website","url":"https:\/\/www.tamarindos.net\/de\/","name":"Tamarindos","description":"Apartamentos en Pe\u00f1\u00edscola","publisher":{"@id":"https:\/\/www.tamarindos.net\/de\/#organization"},"potentialAction":[{"@type":"SearchAction","target":{"@type":"EntryPoint","urlTemplate":"https:\/\/www.tamarindos.net\/de\/?s={search_term_string}"},"query-input":{"@type":"PropertyValueSpecification","valueRequired":true,"valueName":"search_term_string"}}],"inLanguage":"de"},{"@type":"Organization","@id":"https:\/\/www.tamarindos.net\/de\/#organization","name":"TAMARINDOS PE\u00d1\u00cdSCOLA","url":"https:\/\/www.tamarindos.net\/de\/","logo":{"@type":"ImageObject","inLanguage":"de","@id":"https:\/\/www.tamarindos.net\/de\/#\/schema\/logo\/image\/","url":"https:\/\/www.tamarindos.net\/wp-content\/uploads\/2019\/10\/A7B9714-compressor-e1571911709586.jpg","contentUrl":"https:\/\/www.tamarindos.net\/wp-content\/uploads\/2019\/10\/A7B9714-compressor-e1571911709586.jpg","width":1024,"height":705,"caption":"TAMARINDOS PE\u00d1\u00cdSCOLA"},"image":{"@id":"https:\/\/www.tamarindos.net\/de\/#\/schema\/logo\/image\/"},"sameAs":["https:\/\/www.facebook.com\/tamarindos.net\/","https:\/\/x.com\/tamarindospe","https:\/\/www.instagram.com\/apartamentos_tamarindos\/?hl=es","https:\/\/www.youtube.com\/channel\/UCdzAK3I0CHxOUOFg4IIl76g"]},{"@type":"Person","@id":"https:\/\/www.tamarindos.net\/de\/#\/schema\/person\/050e55e551162ae9e703ad72d167ec45","name":"Albert Ayza","image":{"@type":"ImageObject","inLanguage":"de","@id":"https:\/\/secure.gravatar.com\/avatar\/085bd932202626174003b6213069b67b29a7fced2a25a54a49a28e3788f054aa?s=96&d=mm&r=g","url":"https:\/\/secure.gravatar.com\/avatar\/085bd932202626174003b6213069b67b29a7fced2a25a54a49a28e3788f054aa?s=96&d=mm&r=g","contentUrl":"https:\/\/secure.gravatar.com\/avatar\/085bd932202626174003b6213069b67b29a7fced2a25a54a49a28e3788f054aa?s=96&d=mm&r=g","caption":"Albert Ayza"},"url":"https:\/\/www.tamarindos.net\/de\/author\/albertayza\/"}]}},"_links":{"self":[{"href":"https:\/\/www.tamarindos.net\/de\/wp-json\/wp\/v2\/posts\/2681","targetHints":{"allow":["GET"]}}],"collection":[{"href":"https:\/\/www.tamarindos.net\/de\/wp-json\/wp\/v2\/posts"}],"about":[{"href":"https:\/\/www.tamarindos.net\/de\/wp-json\/wp\/v2\/types\/post"}],"author":[{"embeddable":true,"href":"https:\/\/www.tamarindos.net\/de\/wp-json\/wp\/v2\/users\/3"}],"replies":[{"embeddable":true,"href":"https:\/\/www.tamarindos.net\/de\/wp-json\/wp\/v2\/comments?post=2681"}],"version-history":[{"count":2,"href":"https:\/\/www.tamarindos.net\/de\/wp-json\/wp\/v2\/posts\/2681\/revisions"}],"predecessor-version":[{"id":2683,"href":"https:\/\/www.tamarindos.net\/de\/wp-json\/wp\/v2\/posts\/2681\/revisions\/2683"}],"wp:featuredmedia":[{"embeddable":true,"href":"https:\/\/www.tamarindos.net\/de\/wp-json\/wp\/v2\/media\/2671"}],"wp:attachment":[{"href":"https:\/\/www.tamarindos.net\/de\/wp-json\/wp\/v2\/media?parent=2681"}],"wp:term":[{"taxonomy":"category","embeddable":true,"href":"https:\/\/www.tamarindos.net\/de\/wp-json\/wp\/v2\/categories?post=2681"},{"taxonomy":"post_tag","embeddable":true,"href":"https:\/\/www.tamarindos.net\/de\/wp-json\/wp\/v2\/tags?post=2681"}],"curies":[{"name":"wp","href":"https:\/\/api.w.org\/{rel}","templated":true}]}}