{"id":2454,"date":"2019-06-26T12:29:44","date_gmt":"2019-06-26T11:29:44","guid":{"rendered":"https:\/\/www.tamarindos.net\/?p=2454"},"modified":"2019-06-26T12:29:44","modified_gmt":"2019-06-26T11:29:44","slug":"vinaros-messe-und-festivals","status":"publish","type":"post","link":"https:\/\/www.tamarindos.net\/de\/vinaros-messe-und-festivals\/","title":{"rendered":"Vinar\u00f2s Messe und Festivals"},"content":{"rendered":"<h1>Wir begr\u00fc\u00dfen die Partys von Vinar\u00f2s!<\/h1>\n<p>Vom 21. bis 30. Juni werden die lokalen Feste unseres Nachbarortes gefeiert. Um die Ankunft des Sommers zu feiern, teilen Kinder und Erwachsene die Festlichkeiten und den Spa\u00df in den Festlichkeiten und dem Markt von San Juan und San Pedro, einem beliebten Festival, bei dem Sie Outdoor-Musik, Feuerwerk und ein gro\u00dfes Festgel\u00e4nde f\u00fcr die ganze Familie genie\u00dfen k\u00f6nnen.<\/p>\n<p>Vinar\u00f2s, die Hauptstadt der Region, ist eine Gemeinde der Valencianischen Gemeinschaft im Norden der Provinz Castell\u00f3n, nur wenige Meter von unserer Stadt entfernt.<\/p>\n<h3>Ein wenig Geschichte&#8230;..<\/h3>\n<p>Die Lage der Stadt am Mittelmeer und die zahlreichen Kulturen und Zivilisationen, die diese L\u00e4nder bewohnt haben, haben ihre Spuren in verschiedenen Aspekten ihres heutigen Lebens hinterlassen: in ihren Traditionen, ihrer K\u00fcche, ihren Geb\u00e4uden und in ihrem Meer. All dies sind die Schl\u00fcssel, die Vinar\u00f2s dazu veranlasst haben, seine historische und kulturelle Bedeutung im Laufe der Jahrhunderte zu bewahren.<\/p>\n<p><em>&#8222;Die Herkunft der Gemeinde ist ungewiss. Ein wichtiges Beispiel f\u00fcr seine Vergangenheit ist heute das iberische Dorf El Puig de la Misericordia, wo wichtige \u00dcberreste der menschlichen Passage im 6. Jahrhundert v. Chr. gefunden wurden, seine \u00e4lteste schriftliche Geschichte geht jedoch auf das Jahr 1233 zur\u00fcck, als der muslimische Bauernhof Beni-Al-Ar\u00fas von K\u00f6nig James I. erobert und christlich gestaltet wurde. 1241 wurde das Stadtrecht Herrn Griny\u00f3 Ballester und f\u00fcnfzig weiteren Siedlern verliehen, Vinar\u00f2s wurde als Stadt anerkannt und geh\u00f6rte nicht mehr zur Burg Pe\u00f1\u00edscola&#8220;.\u00a0<\/em> Quelle: http: turisme.vinaros.es<\/p>\n<p>Licht, Farbe, Musik und Strand sind einige der Adjektive, die die Festlichkeiten von San Juan und San Pedro de Vinar\u00f2s bestimmen.<\/p>\n<p><img decoding=\"async\" class=\"alignnone wp-image-2446 size-large\" src=\"https:\/\/www.tamarindos.net\/wp-content\/uploads\/2019\/06\/53489110_618607358553353_8858291806580768768_o-1024x379.jpg\" alt=\"\" width=\"1024\" height=\"379\" srcset=\"https:\/\/www.tamarindos.net\/wp-content\/uploads\/2019\/06\/53489110_618607358553353_8858291806580768768_o-1024x379.jpg 1024w, https:\/\/www.tamarindos.net\/wp-content\/uploads\/2019\/06\/53489110_618607358553353_8858291806580768768_o-300x111.jpg 300w, https:\/\/www.tamarindos.net\/wp-content\/uploads\/2019\/06\/53489110_618607358553353_8858291806580768768_o-768x285.jpg 768w, https:\/\/www.tamarindos.net\/wp-content\/uploads\/2019\/06\/53489110_618607358553353_8858291806580768768_o.jpg 1773w\" sizes=\"(max-width: 1024px) 100vw, 1024px\" \/><\/p>\n<p>Konsultieren Sie das Programm durch Anklicken, Sie k\u00f6nnen es nicht verpassen!<\/p>\n<blockquote>\n<p style=\"text-align: left;\">Genie\u00dfen Sie eine magische Party am Meer und wohnen Sie in <a href=\"https:\/\/www.tamarindos.net\/de\/\">Apartamentos Tamarindos<\/a>!<\/p>\n<\/blockquote>\n<p>&nbsp;<\/p>\n","protected":false},"excerpt":{"rendered":"<p>Wir begr\u00fc\u00dfen die Partys von Vinar\u00f2s! Vom 21. bis 30. Juni werden die lokalen Feste unseres Nachbarortes gefeiert. Um die Ankunft des Sommers zu feiern, teilen Kinder und Erwachsene die Festlichkeiten und den Spa\u00df in den Festlichkeiten und dem Markt von San Juan und San Pedro, einem beliebten Festival, bei dem Sie Outdoor-Musik, Feuerwerk und [&hellip;]<\/p>\n","protected":false},"author":3,"featured_media":2438,"comment_status":"open","ping_status":"open","sticky":false,"template":"","format":"standard","meta":{"_acf_changed":false,"inline_featured_image":false,"_joinchat":[],"footnotes":""},"categories":[141,150,73],"tags":[153,151,154,155,152,156],"class_list":["post-2454","post","type-post","status-publish","format-standard","has-post-thumbnail","hentry","category-appartements","category-tamarindos-4","category-umgebung","tag-erlebnis","tag-freizeitaktivitaeten","tag-juni","tag-tourismus","tag-veranstaltungen","tag-vinaros-de"],"acf":[],"yoast_head":"<!-- This site is optimized with the Yoast SEO plugin v27.2 - https:\/\/yoast.com\/product\/yoast-seo-wordpress\/ -->\n<title>Vinar\u00f2s Messe und Festivals - Tamarindos<\/title>\n<meta name=\"robots\" content=\"index, follow, max-snippet:-1, max-image-preview:large, max-video-preview:-1\" \/>\n<link rel=\"canonical\" href=\"https:\/\/www.tamarindos.net\/de\/vinaros-messe-und-festivals\/\" \/>\n<meta property=\"og:locale\" content=\"de_DE\" \/>\n<meta property=\"og:type\" content=\"article\" \/>\n<meta property=\"og:title\" content=\"Vinar\u00f2s Messe und Festivals - Tamarindos\" \/>\n<meta property=\"og:description\" content=\"Wir begr\u00fc\u00dfen die Partys von Vinar\u00f2s! Vom 21. bis 30. Juni werden die lokalen Feste unseres Nachbarortes gefeiert. Um die Ankunft des Sommers zu feiern, teilen Kinder und Erwachsene die Festlichkeiten und den Spa\u00df in den Festlichkeiten und dem Markt von San Juan und San Pedro, einem beliebten Festival, bei dem Sie Outdoor-Musik, Feuerwerk und [&hellip;]\" \/>\n<meta property=\"og:url\" content=\"https:\/\/www.tamarindos.net\/de\/vinaros-messe-und-festivals\/\" \/>\n<meta property=\"og:site_name\" content=\"Tamarindos\" \/>\n<meta property=\"article:publisher\" content=\"https:\/\/www.facebook.com\/tamarindos.net\/\" \/>\n<meta property=\"article:published_time\" content=\"2019-06-26T11:29:44+00:00\" \/>\n<meta property=\"og:image\" content=\"https:\/\/www.tamarindos.net\/wp-content\/uploads\/2019\/06\/fira-i-festes-de-sant-joan-i-sant-pere-en-vinar\u00f2s-cartel-y-programa.jpg\" \/>\n\t<meta property=\"og:image:width\" content=\"402\" \/>\n\t<meta property=\"og:image:height\" content=\"562\" \/>\n\t<meta property=\"og:image:type\" content=\"image\/jpeg\" \/>\n<meta name=\"author\" content=\"Albert Ayza\" \/>\n<meta name=\"twitter:card\" content=\"summary_large_image\" \/>\n<meta name=\"twitter:creator\" content=\"@tamarindospe\" \/>\n<meta name=\"twitter:site\" content=\"@tamarindospe\" \/>\n<meta name=\"twitter:label1\" content=\"Verfasst von\" \/>\n\t<meta name=\"twitter:data1\" content=\"Albert Ayza\" \/>\n\t<meta name=\"twitter:label2\" content=\"Gesch\u00e4tzte Lesezeit\" \/>\n\t<meta name=\"twitter:data2\" content=\"2\u00a0Minuten\" \/>\n<script type=\"application\/ld+json\" class=\"yoast-schema-graph\">{\"@context\":\"https:\/\/schema.org\",\"@graph\":[{\"@type\":\"Article\",\"@id\":\"https:\/\/www.tamarindos.net\/de\/vinaros-messe-und-festivals\/#article\",\"isPartOf\":{\"@id\":\"https:\/\/www.tamarindos.net\/de\/vinaros-messe-und-festivals\/\"},\"author\":{\"name\":\"Albert Ayza\",\"@id\":\"https:\/\/www.tamarindos.net\/de\/#\/schema\/person\/050e55e551162ae9e703ad72d167ec45\"},\"headline\":\"Vinar\u00f2s Messe und Festivals\",\"datePublished\":\"2019-06-26T11:29:44+00:00\",\"mainEntityOfPage\":{\"@id\":\"https:\/\/www.tamarindos.net\/de\/vinaros-messe-und-festivals\/\"},\"wordCount\":309,\"commentCount\":0,\"publisher\":{\"@id\":\"https:\/\/www.tamarindos.net\/de\/#organization\"},\"image\":{\"@id\":\"https:\/\/www.tamarindos.net\/de\/vinaros-messe-und-festivals\/#primaryimage\"},\"thumbnailUrl\":\"https:\/\/www.tamarindos.net\/wp-content\/uploads\/2019\/06\/fira-i-festes-de-sant-joan-i-sant-pere-en-vinar\u00f2s-cartel-y-programa.jpg\",\"keywords\":[\"Erlebnis\",\"Freizeitaktivit\u00e4ten\",\"Juni\",\"Tourismus\",\"Veranstaltungen\",\"Vinar\u00f2s\"],\"articleSection\":[\"Appartements\",\"tamarindos\",\"Umgebung\"],\"inLanguage\":\"de\",\"potentialAction\":[{\"@type\":\"CommentAction\",\"name\":\"Comment\",\"target\":[\"https:\/\/www.tamarindos.net\/de\/vinaros-messe-und-festivals\/#respond\"]}]},{\"@type\":\"WebPage\",\"@id\":\"https:\/\/www.tamarindos.net\/de\/vinaros-messe-und-festivals\/\",\"url\":\"https:\/\/www.tamarindos.net\/de\/vinaros-messe-und-festivals\/\",\"name\":\"Vinar\u00f2s Messe und Festivals - Tamarindos\",\"isPartOf\":{\"@id\":\"https:\/\/www.tamarindos.net\/de\/#website\"},\"primaryImageOfPage\":{\"@id\":\"https:\/\/www.tamarindos.net\/de\/vinaros-messe-und-festivals\/#primaryimage\"},\"image\":{\"@id\":\"https:\/\/www.tamarindos.net\/de\/vinaros-messe-und-festivals\/#primaryimage\"},\"thumbnailUrl\":\"https:\/\/www.tamarindos.net\/wp-content\/uploads\/2019\/06\/fira-i-festes-de-sant-joan-i-sant-pere-en-vinar\u00f2s-cartel-y-programa.jpg\",\"datePublished\":\"2019-06-26T11:29:44+00:00\",\"breadcrumb\":{\"@id\":\"https:\/\/www.tamarindos.net\/de\/vinaros-messe-und-festivals\/#breadcrumb\"},\"inLanguage\":\"de\",\"potentialAction\":[{\"@type\":\"ReadAction\",\"target\":[\"https:\/\/www.tamarindos.net\/de\/vinaros-messe-und-festivals\/\"]}]},{\"@type\":\"ImageObject\",\"inLanguage\":\"de\",\"@id\":\"https:\/\/www.tamarindos.net\/de\/vinaros-messe-und-festivals\/#primaryimage\",\"url\":\"https:\/\/www.tamarindos.net\/wp-content\/uploads\/2019\/06\/fira-i-festes-de-sant-joan-i-sant-pere-en-vinar\u00f2s-cartel-y-programa.jpg\",\"contentUrl\":\"https:\/\/www.tamarindos.net\/wp-content\/uploads\/2019\/06\/fira-i-festes-de-sant-joan-i-sant-pere-en-vinar\u00f2s-cartel-y-programa.jpg\",\"width\":402,\"height\":562,\"caption\":\"vinar\u00f2s\"},{\"@type\":\"BreadcrumbList\",\"@id\":\"https:\/\/www.tamarindos.net\/de\/vinaros-messe-und-festivals\/#breadcrumb\",\"itemListElement\":[{\"@type\":\"ListItem\",\"position\":1,\"name\":\"Inicio\",\"item\":\"https:\/\/www.tamarindos.net\/de\/homepage\/\"},{\"@type\":\"ListItem\",\"position\":2,\"name\":\"Vinar\u00f2s Messe und Festivals\"}]},{\"@type\":\"WebSite\",\"@id\":\"https:\/\/www.tamarindos.net\/de\/#website\",\"url\":\"https:\/\/www.tamarindos.net\/de\/\",\"name\":\"Tamarindos\",\"description\":\"Apartamentos en Pe\u00f1\u00edscola\",\"publisher\":{\"@id\":\"https:\/\/www.tamarindos.net\/de\/#organization\"},\"potentialAction\":[{\"@type\":\"SearchAction\",\"target\":{\"@type\":\"EntryPoint\",\"urlTemplate\":\"https:\/\/www.tamarindos.net\/de\/?s={search_term_string}\"},\"query-input\":{\"@type\":\"PropertyValueSpecification\",\"valueRequired\":true,\"valueName\":\"search_term_string\"}}],\"inLanguage\":\"de\"},{\"@type\":\"Organization\",\"@id\":\"https:\/\/www.tamarindos.net\/de\/#organization\",\"name\":\"TAMARINDOS PE\u00d1\u00cdSCOLA\",\"url\":\"https:\/\/www.tamarindos.net\/de\/\",\"logo\":{\"@type\":\"ImageObject\",\"inLanguage\":\"de\",\"@id\":\"https:\/\/www.tamarindos.net\/de\/#\/schema\/logo\/image\/\",\"url\":\"https:\/\/www.tamarindos.net\/wp-content\/uploads\/2019\/10\/A7B9714-compressor-e1571911709586.jpg\",\"contentUrl\":\"https:\/\/www.tamarindos.net\/wp-content\/uploads\/2019\/10\/A7B9714-compressor-e1571911709586.jpg\",\"width\":1024,\"height\":705,\"caption\":\"TAMARINDOS PE\u00d1\u00cdSCOLA\"},\"image\":{\"@id\":\"https:\/\/www.tamarindos.net\/de\/#\/schema\/logo\/image\/\"},\"sameAs\":[\"https:\/\/www.facebook.com\/tamarindos.net\/\",\"https:\/\/x.com\/tamarindospe\",\"https:\/\/www.instagram.com\/apartamentos_tamarindos\/?hl=es\",\"https:\/\/www.youtube.com\/channel\/UCdzAK3I0CHxOUOFg4IIl76g\"]},{\"@type\":\"Person\",\"@id\":\"https:\/\/www.tamarindos.net\/de\/#\/schema\/person\/050e55e551162ae9e703ad72d167ec45\",\"name\":\"Albert Ayza\",\"image\":{\"@type\":\"ImageObject\",\"inLanguage\":\"de\",\"@id\":\"https:\/\/secure.gravatar.com\/avatar\/085bd932202626174003b6213069b67b29a7fced2a25a54a49a28e3788f054aa?s=96&d=mm&r=g\",\"url\":\"https:\/\/secure.gravatar.com\/avatar\/085bd932202626174003b6213069b67b29a7fced2a25a54a49a28e3788f054aa?s=96&d=mm&r=g\",\"contentUrl\":\"https:\/\/secure.gravatar.com\/avatar\/085bd932202626174003b6213069b67b29a7fced2a25a54a49a28e3788f054aa?s=96&d=mm&r=g\",\"caption\":\"Albert Ayza\"},\"url\":\"https:\/\/www.tamarindos.net\/de\/author\/albertayza\/\"}]}<\/script>\n<!-- \/ Yoast SEO plugin. -->","yoast_head_json":{"title":"Vinar\u00f2s Messe und Festivals - Tamarindos","robots":{"index":"index","follow":"follow","max-snippet":"max-snippet:-1","max-image-preview":"max-image-preview:large","max-video-preview":"max-video-preview:-1"},"canonical":"https:\/\/www.tamarindos.net\/de\/vinaros-messe-und-festivals\/","og_locale":"de_DE","og_type":"article","og_title":"Vinar\u00f2s Messe und Festivals - Tamarindos","og_description":"Wir begr\u00fc\u00dfen die Partys von Vinar\u00f2s! Vom 21. bis 30. Juni werden die lokalen Feste unseres Nachbarortes gefeiert. Um die Ankunft des Sommers zu feiern, teilen Kinder und Erwachsene die Festlichkeiten und den Spa\u00df in den Festlichkeiten und dem Markt von San Juan und San Pedro, einem beliebten Festival, bei dem Sie Outdoor-Musik, Feuerwerk und [&hellip;]","og_url":"https:\/\/www.tamarindos.net\/de\/vinaros-messe-und-festivals\/","og_site_name":"Tamarindos","article_publisher":"https:\/\/www.facebook.com\/tamarindos.net\/","article_published_time":"2019-06-26T11:29:44+00:00","og_image":[{"width":402,"height":562,"url":"https:\/\/www.tamarindos.net\/wp-content\/uploads\/2019\/06\/fira-i-festes-de-sant-joan-i-sant-pere-en-vinar\u00f2s-cartel-y-programa.jpg","type":"image\/jpeg"}],"author":"Albert Ayza","twitter_card":"summary_large_image","twitter_creator":"@tamarindospe","twitter_site":"@tamarindospe","twitter_misc":{"Verfasst von":"Albert Ayza","Gesch\u00e4tzte Lesezeit":"2\u00a0Minuten"},"schema":{"@context":"https:\/\/schema.org","@graph":[{"@type":"Article","@id":"https:\/\/www.tamarindos.net\/de\/vinaros-messe-und-festivals\/#article","isPartOf":{"@id":"https:\/\/www.tamarindos.net\/de\/vinaros-messe-und-festivals\/"},"author":{"name":"Albert Ayza","@id":"https:\/\/www.tamarindos.net\/de\/#\/schema\/person\/050e55e551162ae9e703ad72d167ec45"},"headline":"Vinar\u00f2s Messe und Festivals","datePublished":"2019-06-26T11:29:44+00:00","mainEntityOfPage":{"@id":"https:\/\/www.tamarindos.net\/de\/vinaros-messe-und-festivals\/"},"wordCount":309,"commentCount":0,"publisher":{"@id":"https:\/\/www.tamarindos.net\/de\/#organization"},"image":{"@id":"https:\/\/www.tamarindos.net\/de\/vinaros-messe-und-festivals\/#primaryimage"},"thumbnailUrl":"https:\/\/www.tamarindos.net\/wp-content\/uploads\/2019\/06\/fira-i-festes-de-sant-joan-i-sant-pere-en-vinar\u00f2s-cartel-y-programa.jpg","keywords":["Erlebnis","Freizeitaktivit\u00e4ten","Juni","Tourismus","Veranstaltungen","Vinar\u00f2s"],"articleSection":["Appartements","tamarindos","Umgebung"],"inLanguage":"de","potentialAction":[{"@type":"CommentAction","name":"Comment","target":["https:\/\/www.tamarindos.net\/de\/vinaros-messe-und-festivals\/#respond"]}]},{"@type":"WebPage","@id":"https:\/\/www.tamarindos.net\/de\/vinaros-messe-und-festivals\/","url":"https:\/\/www.tamarindos.net\/de\/vinaros-messe-und-festivals\/","name":"Vinar\u00f2s Messe und Festivals - Tamarindos","isPartOf":{"@id":"https:\/\/www.tamarindos.net\/de\/#website"},"primaryImageOfPage":{"@id":"https:\/\/www.tamarindos.net\/de\/vinaros-messe-und-festivals\/#primaryimage"},"image":{"@id":"https:\/\/www.tamarindos.net\/de\/vinaros-messe-und-festivals\/#primaryimage"},"thumbnailUrl":"https:\/\/www.tamarindos.net\/wp-content\/uploads\/2019\/06\/fira-i-festes-de-sant-joan-i-sant-pere-en-vinar\u00f2s-cartel-y-programa.jpg","datePublished":"2019-06-26T11:29:44+00:00","breadcrumb":{"@id":"https:\/\/www.tamarindos.net\/de\/vinaros-messe-und-festivals\/#breadcrumb"},"inLanguage":"de","potentialAction":[{"@type":"ReadAction","target":["https:\/\/www.tamarindos.net\/de\/vinaros-messe-und-festivals\/"]}]},{"@type":"ImageObject","inLanguage":"de","@id":"https:\/\/www.tamarindos.net\/de\/vinaros-messe-und-festivals\/#primaryimage","url":"https:\/\/www.tamarindos.net\/wp-content\/uploads\/2019\/06\/fira-i-festes-de-sant-joan-i-sant-pere-en-vinar\u00f2s-cartel-y-programa.jpg","contentUrl":"https:\/\/www.tamarindos.net\/wp-content\/uploads\/2019\/06\/fira-i-festes-de-sant-joan-i-sant-pere-en-vinar\u00f2s-cartel-y-programa.jpg","width":402,"height":562,"caption":"vinar\u00f2s"},{"@type":"BreadcrumbList","@id":"https:\/\/www.tamarindos.net\/de\/vinaros-messe-und-festivals\/#breadcrumb","itemListElement":[{"@type":"ListItem","position":1,"name":"Inicio","item":"https:\/\/www.tamarindos.net\/de\/homepage\/"},{"@type":"ListItem","position":2,"name":"Vinar\u00f2s Messe und Festivals"}]},{"@type":"WebSite","@id":"https:\/\/www.tamarindos.net\/de\/#website","url":"https:\/\/www.tamarindos.net\/de\/","name":"Tamarindos","description":"Apartamentos en Pe\u00f1\u00edscola","publisher":{"@id":"https:\/\/www.tamarindos.net\/de\/#organization"},"potentialAction":[{"@type":"SearchAction","target":{"@type":"EntryPoint","urlTemplate":"https:\/\/www.tamarindos.net\/de\/?s={search_term_string}"},"query-input":{"@type":"PropertyValueSpecification","valueRequired":true,"valueName":"search_term_string"}}],"inLanguage":"de"},{"@type":"Organization","@id":"https:\/\/www.tamarindos.net\/de\/#organization","name":"TAMARINDOS PE\u00d1\u00cdSCOLA","url":"https:\/\/www.tamarindos.net\/de\/","logo":{"@type":"ImageObject","inLanguage":"de","@id":"https:\/\/www.tamarindos.net\/de\/#\/schema\/logo\/image\/","url":"https:\/\/www.tamarindos.net\/wp-content\/uploads\/2019\/10\/A7B9714-compressor-e1571911709586.jpg","contentUrl":"https:\/\/www.tamarindos.net\/wp-content\/uploads\/2019\/10\/A7B9714-compressor-e1571911709586.jpg","width":1024,"height":705,"caption":"TAMARINDOS PE\u00d1\u00cdSCOLA"},"image":{"@id":"https:\/\/www.tamarindos.net\/de\/#\/schema\/logo\/image\/"},"sameAs":["https:\/\/www.facebook.com\/tamarindos.net\/","https:\/\/x.com\/tamarindospe","https:\/\/www.instagram.com\/apartamentos_tamarindos\/?hl=es","https:\/\/www.youtube.com\/channel\/UCdzAK3I0CHxOUOFg4IIl76g"]},{"@type":"Person","@id":"https:\/\/www.tamarindos.net\/de\/#\/schema\/person\/050e55e551162ae9e703ad72d167ec45","name":"Albert Ayza","image":{"@type":"ImageObject","inLanguage":"de","@id":"https:\/\/secure.gravatar.com\/avatar\/085bd932202626174003b6213069b67b29a7fced2a25a54a49a28e3788f054aa?s=96&d=mm&r=g","url":"https:\/\/secure.gravatar.com\/avatar\/085bd932202626174003b6213069b67b29a7fced2a25a54a49a28e3788f054aa?s=96&d=mm&r=g","contentUrl":"https:\/\/secure.gravatar.com\/avatar\/085bd932202626174003b6213069b67b29a7fced2a25a54a49a28e3788f054aa?s=96&d=mm&r=g","caption":"Albert Ayza"},"url":"https:\/\/www.tamarindos.net\/de\/author\/albertayza\/"}]}},"_links":{"self":[{"href":"https:\/\/www.tamarindos.net\/de\/wp-json\/wp\/v2\/posts\/2454","targetHints":{"allow":["GET"]}}],"collection":[{"href":"https:\/\/www.tamarindos.net\/de\/wp-json\/wp\/v2\/posts"}],"about":[{"href":"https:\/\/www.tamarindos.net\/de\/wp-json\/wp\/v2\/types\/post"}],"author":[{"embeddable":true,"href":"https:\/\/www.tamarindos.net\/de\/wp-json\/wp\/v2\/users\/3"}],"replies":[{"embeddable":true,"href":"https:\/\/www.tamarindos.net\/de\/wp-json\/wp\/v2\/comments?post=2454"}],"version-history":[{"count":1,"href":"https:\/\/www.tamarindos.net\/de\/wp-json\/wp\/v2\/posts\/2454\/revisions"}],"predecessor-version":[{"id":2455,"href":"https:\/\/www.tamarindos.net\/de\/wp-json\/wp\/v2\/posts\/2454\/revisions\/2455"}],"wp:featuredmedia":[{"embeddable":true,"href":"https:\/\/www.tamarindos.net\/de\/wp-json\/wp\/v2\/media\/2438"}],"wp:attachment":[{"href":"https:\/\/www.tamarindos.net\/de\/wp-json\/wp\/v2\/media?parent=2454"}],"wp:term":[{"taxonomy":"category","embeddable":true,"href":"https:\/\/www.tamarindos.net\/de\/wp-json\/wp\/v2\/categories?post=2454"},{"taxonomy":"post_tag","embeddable":true,"href":"https:\/\/www.tamarindos.net\/de\/wp-json\/wp\/v2\/tags?post=2454"}],"curies":[{"name":"wp","href":"https:\/\/api.w.org\/{rel}","templated":true}]}}