{"id":1983,"date":"2019-05-26T11:18:14","date_gmt":"2019-05-26T10:18:14","guid":{"rendered":"https:\/\/www.tamarindos.net\/?p=1983"},"modified":"2019-05-26T11:18:14","modified_gmt":"2019-05-26T10:18:14","slug":"meeres-und-berggastronomie","status":"publish","type":"post","link":"https:\/\/www.tamarindos.net\/de\/meeres-und-berggastronomie\/","title":{"rendered":"Meeres- und Berggastronomie"},"content":{"rendered":"<h2>II Gastronomische Tage des Meeres und des Obstgartens<\/h2>\n<p>Bist du bereit f\u00fcr ein exquisites Erlebnis?<\/p>\n<p>Die gastronomischen Tage des Meeres und des Obstgartens kommen den ganzen Juni \u00fcber in <a href=\"https:\/\/landing.tamarindos.net\/landing-demo\/\">Pe\u00f1\u00edscola<\/a> an!<\/p>\n<p>Pe\u00f1\u00edscola, vom Mittelmeer umgeben und inmitten eines fruchtbaren Landes gelegen, hat eine gro\u00dfe gastronomische Vielfalt, die es einzigartig macht.<\/p>\n<p>Die Fischerei, ein Markenzeichen der Stadt, hat im Laufe der Jahrhunderte zur Entwicklung der charakteristischen Aromen und Aromen der Meeresk\u00fcche beigetragen.<\/p>\n<p>Der Hafen ist einer der wichtigsten Orte f\u00fcr Pe\u00f1\u00edscola und seine Gastronomie am Fu\u00dfe der Burg von Papst Luna und der Altstadt.<\/p>\n<p>Pe\u00f1\u00edscola ist der direkte Erbe der gesunden mediterranen Ern\u00e4hrung, begleitet von den k\u00f6stlichsten Fr\u00fcchten des Meeres und des Landes.<\/p>\n<p>Verschiedene Restaurants in Pe\u00f1\u00edscola, wie z.B. das Restaurante El \u00c1nfora, La Bodegueta, T\u00edo Pepe oder Vista al Mar, werden uns mit ihren Men\u00fcs von 25 bis 35\u20ac begeistern.<\/p>\n<h3>Die repr\u00e4sentativsten und charakteristischsten Geschmacksrichtungen der Stadt im Meer werden die Protagonisten dieses Monats Juni sein.<\/h3>\n<p><img decoding=\"async\" class=\"alignnone size-full wp-image-1967\" src=\"https:\/\/www.tamarindos.net\/wp-content\/uploads\/2019\/05\/archivo3251-1-2.jpg\" alt=\"\" width=\"3406\" height=\"1252\" srcset=\"https:\/\/www.tamarindos.net\/wp-content\/uploads\/2019\/05\/archivo3251-1-2.jpg 3406w, https:\/\/www.tamarindos.net\/wp-content\/uploads\/2019\/05\/archivo3251-1-2-300x110.jpg 300w, https:\/\/www.tamarindos.net\/wp-content\/uploads\/2019\/05\/archivo3251-1-2-768x282.jpg 768w, https:\/\/www.tamarindos.net\/wp-content\/uploads\/2019\/05\/archivo3251-1-2-1024x376.jpg 1024w\" sizes=\"(max-width: 3406px) 100vw, 3406px\" \/><\/p>\n<p>Nutzen Sie den Monat Juni, um Pe\u00f1\u00edscola zu besuchen und die Gastronomie zu genie\u00dfen!<\/p>\n<blockquote>\n<p style=\"text-align: left;\">Buchen Sie Ihr <a href=\"https:\/\/www.tamarindos.net\/de\/\">Appartement<\/a> in Tamarindos Pe\u00f1\u00edscola und erholen Sie sich im Paradies der Palmen am Meer!<\/p>\n<\/blockquote>\n<p>&nbsp;<\/p>\n","protected":false},"excerpt":{"rendered":"<p>II Gastronomische Tage des Meeres und des Obstgartens Bist du bereit f\u00fcr ein exquisites Erlebnis? Die gastronomischen Tage des Meeres und des Obstgartens kommen den ganzen Juni \u00fcber in Pe\u00f1\u00edscola an! Pe\u00f1\u00edscola, vom Mittelmeer umgeben und inmitten eines fruchtbaren Landes gelegen, hat eine gro\u00dfe gastronomische Vielfalt, die es einzigartig macht. Die Fischerei, ein Markenzeichen der [&hellip;]<\/p>\n","protected":false},"author":3,"featured_media":1978,"comment_status":"open","ping_status":"open","sticky":false,"template":"","format":"standard","meta":{"_acf_changed":false,"inline_featured_image":false,"_joinchat":[],"footnotes":""},"categories":[90,74],"tags":[91,79,76],"class_list":["post-1983","post","type-post","status-publish","format-standard","has-post-thumbnail","hentry","category-gastronomie","category-peniscola-2","tag-gastronomie","tag-natur","tag-sonne"],"acf":[],"yoast_head":"<!-- This site is optimized with the Yoast SEO plugin v27.2 - https:\/\/yoast.com\/product\/yoast-seo-wordpress\/ -->\n<title>Meeres- und Berggastronomie - Tamarindos<\/title>\n<meta name=\"robots\" content=\"index, follow, max-snippet:-1, max-image-preview:large, max-video-preview:-1\" \/>\n<link rel=\"canonical\" href=\"https:\/\/www.tamarindos.net\/de\/meeres-und-berggastronomie\/\" \/>\n<meta property=\"og:locale\" content=\"de_DE\" \/>\n<meta property=\"og:type\" content=\"article\" \/>\n<meta property=\"og:title\" content=\"Meeres- und Berggastronomie - Tamarindos\" \/>\n<meta property=\"og:description\" content=\"II Gastronomische Tage des Meeres und des Obstgartens Bist du bereit f\u00fcr ein exquisites Erlebnis? Die gastronomischen Tage des Meeres und des Obstgartens kommen den ganzen Juni \u00fcber in Pe\u00f1\u00edscola an! Pe\u00f1\u00edscola, vom Mittelmeer umgeben und inmitten eines fruchtbaren Landes gelegen, hat eine gro\u00dfe gastronomische Vielfalt, die es einzigartig macht. Die Fischerei, ein Markenzeichen der [&hellip;]\" \/>\n<meta property=\"og:url\" content=\"https:\/\/www.tamarindos.net\/de\/meeres-und-berggastronomie\/\" \/>\n<meta property=\"og:site_name\" content=\"Tamarindos\" \/>\n<meta property=\"article:publisher\" content=\"https:\/\/www.facebook.com\/tamarindos.net\/\" \/>\n<meta property=\"article:published_time\" content=\"2019-05-26T10:18:14+00:00\" \/>\n<meta property=\"og:image\" content=\"https:\/\/www.tamarindos.net\/wp-content\/uploads\/2019\/05\/IMG_0374-1.jpg\" \/>\n\t<meta property=\"og:image:width\" content=\"4272\" \/>\n\t<meta property=\"og:image:height\" content=\"2288\" \/>\n\t<meta property=\"og:image:type\" content=\"image\/jpeg\" \/>\n<meta name=\"author\" content=\"Albert Ayza\" \/>\n<meta name=\"twitter:card\" content=\"summary_large_image\" \/>\n<meta name=\"twitter:creator\" content=\"@tamarindospe\" \/>\n<meta name=\"twitter:site\" content=\"@tamarindospe\" \/>\n<meta name=\"twitter:label1\" content=\"Verfasst von\" \/>\n\t<meta name=\"twitter:data1\" content=\"Albert Ayza\" \/>\n\t<meta name=\"twitter:label2\" content=\"Gesch\u00e4tzte Lesezeit\" \/>\n\t<meta name=\"twitter:data2\" content=\"1\u00a0Minute\" \/>\n<script type=\"application\/ld+json\" class=\"yoast-schema-graph\">{\"@context\":\"https:\/\/schema.org\",\"@graph\":[{\"@type\":\"Article\",\"@id\":\"https:\/\/www.tamarindos.net\/de\/meeres-und-berggastronomie\/#article\",\"isPartOf\":{\"@id\":\"https:\/\/www.tamarindos.net\/de\/meeres-und-berggastronomie\/\"},\"author\":{\"name\":\"Albert Ayza\",\"@id\":\"https:\/\/www.tamarindos.net\/de\/#\/schema\/person\/050e55e551162ae9e703ad72d167ec45\"},\"headline\":\"Meeres- und Berggastronomie\",\"datePublished\":\"2019-05-26T10:18:14+00:00\",\"mainEntityOfPage\":{\"@id\":\"https:\/\/www.tamarindos.net\/de\/meeres-und-berggastronomie\/\"},\"wordCount\":209,\"commentCount\":0,\"publisher\":{\"@id\":\"https:\/\/www.tamarindos.net\/de\/#organization\"},\"image\":{\"@id\":\"https:\/\/www.tamarindos.net\/de\/meeres-und-berggastronomie\/#primaryimage\"},\"thumbnailUrl\":\"https:\/\/www.tamarindos.net\/wp-content\/uploads\/2019\/05\/IMG_0374-1.jpg\",\"keywords\":[\"Gastronomie\",\"Natur\",\"Sonne\"],\"articleSection\":[\"Gastronomie\",\"Pe\u00f1\u00edscola\"],\"inLanguage\":\"de\",\"potentialAction\":[{\"@type\":\"CommentAction\",\"name\":\"Comment\",\"target\":[\"https:\/\/www.tamarindos.net\/de\/meeres-und-berggastronomie\/#respond\"]}]},{\"@type\":\"WebPage\",\"@id\":\"https:\/\/www.tamarindos.net\/de\/meeres-und-berggastronomie\/\",\"url\":\"https:\/\/www.tamarindos.net\/de\/meeres-und-berggastronomie\/\",\"name\":\"Meeres- und Berggastronomie - Tamarindos\",\"isPartOf\":{\"@id\":\"https:\/\/www.tamarindos.net\/de\/#website\"},\"primaryImageOfPage\":{\"@id\":\"https:\/\/www.tamarindos.net\/de\/meeres-und-berggastronomie\/#primaryimage\"},\"image\":{\"@id\":\"https:\/\/www.tamarindos.net\/de\/meeres-und-berggastronomie\/#primaryimage\"},\"thumbnailUrl\":\"https:\/\/www.tamarindos.net\/wp-content\/uploads\/2019\/05\/IMG_0374-1.jpg\",\"datePublished\":\"2019-05-26T10:18:14+00:00\",\"breadcrumb\":{\"@id\":\"https:\/\/www.tamarindos.net\/de\/meeres-und-berggastronomie\/#breadcrumb\"},\"inLanguage\":\"de\",\"potentialAction\":[{\"@type\":\"ReadAction\",\"target\":[\"https:\/\/www.tamarindos.net\/de\/meeres-und-berggastronomie\/\"]}]},{\"@type\":\"ImageObject\",\"inLanguage\":\"de\",\"@id\":\"https:\/\/www.tamarindos.net\/de\/meeres-und-berggastronomie\/#primaryimage\",\"url\":\"https:\/\/www.tamarindos.net\/wp-content\/uploads\/2019\/05\/IMG_0374-1.jpg\",\"contentUrl\":\"https:\/\/www.tamarindos.net\/wp-content\/uploads\/2019\/05\/IMG_0374-1.jpg\",\"width\":4272,\"height\":2288,\"caption\":\"mar\"},{\"@type\":\"BreadcrumbList\",\"@id\":\"https:\/\/www.tamarindos.net\/de\/meeres-und-berggastronomie\/#breadcrumb\",\"itemListElement\":[{\"@type\":\"ListItem\",\"position\":1,\"name\":\"Inicio\",\"item\":\"https:\/\/www.tamarindos.net\/de\/homepage\/\"},{\"@type\":\"ListItem\",\"position\":2,\"name\":\"Meeres- und Berggastronomie\"}]},{\"@type\":\"WebSite\",\"@id\":\"https:\/\/www.tamarindos.net\/de\/#website\",\"url\":\"https:\/\/www.tamarindos.net\/de\/\",\"name\":\"Tamarindos\",\"description\":\"Apartamentos en Pe\u00f1\u00edscola\",\"publisher\":{\"@id\":\"https:\/\/www.tamarindos.net\/de\/#organization\"},\"potentialAction\":[{\"@type\":\"SearchAction\",\"target\":{\"@type\":\"EntryPoint\",\"urlTemplate\":\"https:\/\/www.tamarindos.net\/de\/?s={search_term_string}\"},\"query-input\":{\"@type\":\"PropertyValueSpecification\",\"valueRequired\":true,\"valueName\":\"search_term_string\"}}],\"inLanguage\":\"de\"},{\"@type\":\"Organization\",\"@id\":\"https:\/\/www.tamarindos.net\/de\/#organization\",\"name\":\"TAMARINDOS PE\u00d1\u00cdSCOLA\",\"url\":\"https:\/\/www.tamarindos.net\/de\/\",\"logo\":{\"@type\":\"ImageObject\",\"inLanguage\":\"de\",\"@id\":\"https:\/\/www.tamarindos.net\/de\/#\/schema\/logo\/image\/\",\"url\":\"https:\/\/www.tamarindos.net\/wp-content\/uploads\/2019\/10\/A7B9714-compressor-e1571911709586.jpg\",\"contentUrl\":\"https:\/\/www.tamarindos.net\/wp-content\/uploads\/2019\/10\/A7B9714-compressor-e1571911709586.jpg\",\"width\":1024,\"height\":705,\"caption\":\"TAMARINDOS PE\u00d1\u00cdSCOLA\"},\"image\":{\"@id\":\"https:\/\/www.tamarindos.net\/de\/#\/schema\/logo\/image\/\"},\"sameAs\":[\"https:\/\/www.facebook.com\/tamarindos.net\/\",\"https:\/\/x.com\/tamarindospe\",\"https:\/\/www.instagram.com\/apartamentos_tamarindos\/?hl=es\",\"https:\/\/www.youtube.com\/channel\/UCdzAK3I0CHxOUOFg4IIl76g\"]},{\"@type\":\"Person\",\"@id\":\"https:\/\/www.tamarindos.net\/de\/#\/schema\/person\/050e55e551162ae9e703ad72d167ec45\",\"name\":\"Albert Ayza\",\"image\":{\"@type\":\"ImageObject\",\"inLanguage\":\"de\",\"@id\":\"https:\/\/secure.gravatar.com\/avatar\/085bd932202626174003b6213069b67b29a7fced2a25a54a49a28e3788f054aa?s=96&d=mm&r=g\",\"url\":\"https:\/\/secure.gravatar.com\/avatar\/085bd932202626174003b6213069b67b29a7fced2a25a54a49a28e3788f054aa?s=96&d=mm&r=g\",\"contentUrl\":\"https:\/\/secure.gravatar.com\/avatar\/085bd932202626174003b6213069b67b29a7fced2a25a54a49a28e3788f054aa?s=96&d=mm&r=g\",\"caption\":\"Albert Ayza\"},\"url\":\"https:\/\/www.tamarindos.net\/de\/author\/albertayza\/\"}]}<\/script>\n<!-- \/ Yoast SEO plugin. -->","yoast_head_json":{"title":"Meeres- und Berggastronomie - Tamarindos","robots":{"index":"index","follow":"follow","max-snippet":"max-snippet:-1","max-image-preview":"max-image-preview:large","max-video-preview":"max-video-preview:-1"},"canonical":"https:\/\/www.tamarindos.net\/de\/meeres-und-berggastronomie\/","og_locale":"de_DE","og_type":"article","og_title":"Meeres- und Berggastronomie - Tamarindos","og_description":"II Gastronomische Tage des Meeres und des Obstgartens Bist du bereit f\u00fcr ein exquisites Erlebnis? Die gastronomischen Tage des Meeres und des Obstgartens kommen den ganzen Juni \u00fcber in Pe\u00f1\u00edscola an! Pe\u00f1\u00edscola, vom Mittelmeer umgeben und inmitten eines fruchtbaren Landes gelegen, hat eine gro\u00dfe gastronomische Vielfalt, die es einzigartig macht. Die Fischerei, ein Markenzeichen der [&hellip;]","og_url":"https:\/\/www.tamarindos.net\/de\/meeres-und-berggastronomie\/","og_site_name":"Tamarindos","article_publisher":"https:\/\/www.facebook.com\/tamarindos.net\/","article_published_time":"2019-05-26T10:18:14+00:00","og_image":[{"width":4272,"height":2288,"url":"https:\/\/www.tamarindos.net\/wp-content\/uploads\/2019\/05\/IMG_0374-1.jpg","type":"image\/jpeg"}],"author":"Albert Ayza","twitter_card":"summary_large_image","twitter_creator":"@tamarindospe","twitter_site":"@tamarindospe","twitter_misc":{"Verfasst von":"Albert Ayza","Gesch\u00e4tzte Lesezeit":"1\u00a0Minute"},"schema":{"@context":"https:\/\/schema.org","@graph":[{"@type":"Article","@id":"https:\/\/www.tamarindos.net\/de\/meeres-und-berggastronomie\/#article","isPartOf":{"@id":"https:\/\/www.tamarindos.net\/de\/meeres-und-berggastronomie\/"},"author":{"name":"Albert Ayza","@id":"https:\/\/www.tamarindos.net\/de\/#\/schema\/person\/050e55e551162ae9e703ad72d167ec45"},"headline":"Meeres- und Berggastronomie","datePublished":"2019-05-26T10:18:14+00:00","mainEntityOfPage":{"@id":"https:\/\/www.tamarindos.net\/de\/meeres-und-berggastronomie\/"},"wordCount":209,"commentCount":0,"publisher":{"@id":"https:\/\/www.tamarindos.net\/de\/#organization"},"image":{"@id":"https:\/\/www.tamarindos.net\/de\/meeres-und-berggastronomie\/#primaryimage"},"thumbnailUrl":"https:\/\/www.tamarindos.net\/wp-content\/uploads\/2019\/05\/IMG_0374-1.jpg","keywords":["Gastronomie","Natur","Sonne"],"articleSection":["Gastronomie","Pe\u00f1\u00edscola"],"inLanguage":"de","potentialAction":[{"@type":"CommentAction","name":"Comment","target":["https:\/\/www.tamarindos.net\/de\/meeres-und-berggastronomie\/#respond"]}]},{"@type":"WebPage","@id":"https:\/\/www.tamarindos.net\/de\/meeres-und-berggastronomie\/","url":"https:\/\/www.tamarindos.net\/de\/meeres-und-berggastronomie\/","name":"Meeres- und Berggastronomie - Tamarindos","isPartOf":{"@id":"https:\/\/www.tamarindos.net\/de\/#website"},"primaryImageOfPage":{"@id":"https:\/\/www.tamarindos.net\/de\/meeres-und-berggastronomie\/#primaryimage"},"image":{"@id":"https:\/\/www.tamarindos.net\/de\/meeres-und-berggastronomie\/#primaryimage"},"thumbnailUrl":"https:\/\/www.tamarindos.net\/wp-content\/uploads\/2019\/05\/IMG_0374-1.jpg","datePublished":"2019-05-26T10:18:14+00:00","breadcrumb":{"@id":"https:\/\/www.tamarindos.net\/de\/meeres-und-berggastronomie\/#breadcrumb"},"inLanguage":"de","potentialAction":[{"@type":"ReadAction","target":["https:\/\/www.tamarindos.net\/de\/meeres-und-berggastronomie\/"]}]},{"@type":"ImageObject","inLanguage":"de","@id":"https:\/\/www.tamarindos.net\/de\/meeres-und-berggastronomie\/#primaryimage","url":"https:\/\/www.tamarindos.net\/wp-content\/uploads\/2019\/05\/IMG_0374-1.jpg","contentUrl":"https:\/\/www.tamarindos.net\/wp-content\/uploads\/2019\/05\/IMG_0374-1.jpg","width":4272,"height":2288,"caption":"mar"},{"@type":"BreadcrumbList","@id":"https:\/\/www.tamarindos.net\/de\/meeres-und-berggastronomie\/#breadcrumb","itemListElement":[{"@type":"ListItem","position":1,"name":"Inicio","item":"https:\/\/www.tamarindos.net\/de\/homepage\/"},{"@type":"ListItem","position":2,"name":"Meeres- und Berggastronomie"}]},{"@type":"WebSite","@id":"https:\/\/www.tamarindos.net\/de\/#website","url":"https:\/\/www.tamarindos.net\/de\/","name":"Tamarindos","description":"Apartamentos en Pe\u00f1\u00edscola","publisher":{"@id":"https:\/\/www.tamarindos.net\/de\/#organization"},"potentialAction":[{"@type":"SearchAction","target":{"@type":"EntryPoint","urlTemplate":"https:\/\/www.tamarindos.net\/de\/?s={search_term_string}"},"query-input":{"@type":"PropertyValueSpecification","valueRequired":true,"valueName":"search_term_string"}}],"inLanguage":"de"},{"@type":"Organization","@id":"https:\/\/www.tamarindos.net\/de\/#organization","name":"TAMARINDOS PE\u00d1\u00cdSCOLA","url":"https:\/\/www.tamarindos.net\/de\/","logo":{"@type":"ImageObject","inLanguage":"de","@id":"https:\/\/www.tamarindos.net\/de\/#\/schema\/logo\/image\/","url":"https:\/\/www.tamarindos.net\/wp-content\/uploads\/2019\/10\/A7B9714-compressor-e1571911709586.jpg","contentUrl":"https:\/\/www.tamarindos.net\/wp-content\/uploads\/2019\/10\/A7B9714-compressor-e1571911709586.jpg","width":1024,"height":705,"caption":"TAMARINDOS PE\u00d1\u00cdSCOLA"},"image":{"@id":"https:\/\/www.tamarindos.net\/de\/#\/schema\/logo\/image\/"},"sameAs":["https:\/\/www.facebook.com\/tamarindos.net\/","https:\/\/x.com\/tamarindospe","https:\/\/www.instagram.com\/apartamentos_tamarindos\/?hl=es","https:\/\/www.youtube.com\/channel\/UCdzAK3I0CHxOUOFg4IIl76g"]},{"@type":"Person","@id":"https:\/\/www.tamarindos.net\/de\/#\/schema\/person\/050e55e551162ae9e703ad72d167ec45","name":"Albert Ayza","image":{"@type":"ImageObject","inLanguage":"de","@id":"https:\/\/secure.gravatar.com\/avatar\/085bd932202626174003b6213069b67b29a7fced2a25a54a49a28e3788f054aa?s=96&d=mm&r=g","url":"https:\/\/secure.gravatar.com\/avatar\/085bd932202626174003b6213069b67b29a7fced2a25a54a49a28e3788f054aa?s=96&d=mm&r=g","contentUrl":"https:\/\/secure.gravatar.com\/avatar\/085bd932202626174003b6213069b67b29a7fced2a25a54a49a28e3788f054aa?s=96&d=mm&r=g","caption":"Albert Ayza"},"url":"https:\/\/www.tamarindos.net\/de\/author\/albertayza\/"}]}},"_links":{"self":[{"href":"https:\/\/www.tamarindos.net\/de\/wp-json\/wp\/v2\/posts\/1983","targetHints":{"allow":["GET"]}}],"collection":[{"href":"https:\/\/www.tamarindos.net\/de\/wp-json\/wp\/v2\/posts"}],"about":[{"href":"https:\/\/www.tamarindos.net\/de\/wp-json\/wp\/v2\/types\/post"}],"author":[{"embeddable":true,"href":"https:\/\/www.tamarindos.net\/de\/wp-json\/wp\/v2\/users\/3"}],"replies":[{"embeddable":true,"href":"https:\/\/www.tamarindos.net\/de\/wp-json\/wp\/v2\/comments?post=1983"}],"version-history":[{"count":2,"href":"https:\/\/www.tamarindos.net\/de\/wp-json\/wp\/v2\/posts\/1983\/revisions"}],"predecessor-version":[{"id":1985,"href":"https:\/\/www.tamarindos.net\/de\/wp-json\/wp\/v2\/posts\/1983\/revisions\/1985"}],"wp:featuredmedia":[{"embeddable":true,"href":"https:\/\/www.tamarindos.net\/de\/wp-json\/wp\/v2\/media\/1978"}],"wp:attachment":[{"href":"https:\/\/www.tamarindos.net\/de\/wp-json\/wp\/v2\/media?parent=1983"}],"wp:term":[{"taxonomy":"category","embeddable":true,"href":"https:\/\/www.tamarindos.net\/de\/wp-json\/wp\/v2\/categories?post=1983"},{"taxonomy":"post_tag","embeddable":true,"href":"https:\/\/www.tamarindos.net\/de\/wp-json\/wp\/v2\/tags?post=1983"}],"curies":[{"name":"wp","href":"https:\/\/api.w.org\/{rel}","templated":true}]}}